{"id":12008,"date":"2016-07-11T15:00:34","date_gmt":"2016-07-11T15:00:34","guid":{"rendered":"http:\/\/www.federacaopaulistadefutsal.com.br\/?p=12008"},"modified":"2016-07-11T15:00:34","modified_gmt":"2016-07-11T15:00:34","slug":"fora-da-liga-paulista-a-a-fib-se-reapresenta-as-quadras-na-quarta","status":"publish","type":"post","link":"https:\/\/www.federacaopaulistadefutsal.com.br\/novo\/fora-da-liga-paulista-a-a-fib-se-reapresenta-as-quadras-na-quarta\/","title":{"rendered":"Fora da Liga Paulista, A.A. FIB se reapresenta \u00e0s quadras na quarta"},"content":{"rendered":"<p>&nbsp;<\/p>\n<p style=\"text-align: left;\">Ap\u00f3s a elimina\u00e7\u00e3o na Liga Paulista, principal competi\u00e7\u00e3o de S\u00e3o Paulo, a A.A. FIB, de Bauru-SP, ainda sim concentra suas for\u00e7as e aten\u00e7\u00f5es nas quatro linhas das quadras. O time bauruense, comandado pelo t\u00e9cnico Everton Carvalho, o &#8220;Alem\u00e3o&#8221;, ir\u00e1 se reapresentar na pr\u00f3xima quarta-feira (13), em treino marcado para acontecer a partir das 17h30, no gin\u00e1sio Duduz\u00e3o.<\/p>\n<p class=\"western\" style=\"text-align: left;\" align=\"JUSTIFY\">A equipe do interior paulista foi derrotada pela A.A.B.B., da capital, nas partidas de ida e volta pelas oitavas de final da LPF. Na primeira, perdeu em seus dom\u00ednios por goleada de 5 a 0, e na segunda, derrota por 3 a 0, que ocorreu no gin\u00e1sio &#8220;A&#8221;, em S\u00e3o Paulo-SP.<\/p>\n<p class=\"western\" style=\"text-align: left;\" align=\"JUSTIFY\">Ao todo, em dez confrontos disputados na Liga Paulista, a A.A. FIB teve tr\u00eas vit\u00f3rias, um empate e seis derrotas. O time de Bauru-SP, que se classificou \u00e0 segunda fase pelo grupo A, marcou 21 gols e sofreu 27 tentos.<\/p>\n<p class=\"western\" style=\"text-align: left;\" align=\"JUSTIFY\">A equipe treinada por &#8220;Alem\u00e3o&#8221;, agora, visar\u00e1 &#8220;chegar longe&#8221; na Copa Paulista, competi\u00e7\u00e3o tamb\u00e9m organizada pela LPF e que acontecer\u00e1 no segundo semestre. Os treinos dos bauruenses ser\u00e3o preparat\u00f3rios para este e outros torneios.<\/p>\n<p class=\"western\" style=\"text-align: left;\" align=\"JUSTIFY\">Por Assessoria FPFS<\/p>\n<p class=\"western\" style=\"text-align: left;\" align=\"JUSTIFY\">Com informa\u00e7\u00f5es e foto: Rafael Peloso\/A.A. FIB<\/p>\n","protected":false},"excerpt":{"rendered":"<p>&nbsp; Ap\u00f3s a elimina\u00e7\u00e3o na Liga Paulista, principal competi\u00e7\u00e3o de S\u00e3o Paulo, a A.A. FIB, de Bauru-SP, ainda sim concentra<\/p>\n","protected":false},"author":1,"featured_media":12011,"comment_status":"closed","ping_status":"open","sticky":false,"template":"","format":"standard","meta":{"footnotes":""},"categories":[29,31,32],"tags":[99,367,369,913,1334,1525,1556,1835,2040,2489,2491],"class_list":["post-12008","post","type-post","status-publish","format-standard","has-post-thumbnail","hentry","category-interior","category-liga-paulista-de-futsal","category-maiores","tag-a-a-fib","tag-bauru","tag-bauruenses","tag-eliminacao","tag-interior","tag-liga-paulista","tag-lpf","tag-paulista","tag-reapresentacao","tag-treinamentos","tag-treinos"],"_links":{"self":[{"href":"https:\/\/www.federacaopaulistadefutsal.com.br\/novo\/wp-json\/wp\/v2\/posts\/12008","targetHints":{"allow":["GET"]}}],"collection":[{"href":"https:\/\/www.federacaopaulistadefutsal.com.br\/novo\/wp-json\/wp\/v2\/posts"}],"about":[{"href":"https:\/\/www.federacaopaulistadefutsal.com.br\/novo\/wp-json\/wp\/v2\/types\/post"}],"author":[{"embeddable":true,"href":"https:\/\/www.federacaopaulistadefutsal.com.br\/novo\/wp-json\/wp\/v2\/users\/1"}],"replies":[{"embeddable":true,"href":"https:\/\/www.federacaopaulistadefutsal.com.br\/novo\/wp-json\/wp\/v2\/comments?post=12008"}],"version-history":[{"count":0,"href":"https:\/\/www.federacaopaulistadefutsal.com.br\/novo\/wp-json\/wp\/v2\/posts\/12008\/revisions"}],"wp:featuredmedia":[{"embeddable":true,"href":"https:\/\/www.federacaopaulistadefutsal.com.br\/novo\/wp-json\/"}],"wp:attachment":[{"href":"https:\/\/www.federacaopaulistadefutsal.com.br\/novo\/wp-json\/wp\/v2\/media?parent=12008"}],"wp:term":[{"taxonomy":"category","embeddable":true,"href":"https:\/\/www.federacaopaulistadefutsal.com.br\/novo\/wp-json\/wp\/v2\/categories?post=12008"},{"taxonomy":"post_tag","embeddable":true,"href":"https:\/\/www.federacaopaulistadefutsal.com.br\/novo\/wp-json\/wp\/v2\/tags?post=12008"}],"curies":[{"name":"wp","href":"https:\/\/api.w.org\/{rel}","templated":true}]}}