{"id":12019,"date":"2016-07-12T10:37:48","date_gmt":"2016-07-12T10:37:48","guid":{"rendered":"http:\/\/www.federacaopaulistadefutsal.com.br\/?p=12019"},"modified":"2016-07-12T10:37:48","modified_gmt":"2016-07-12T10:37:48","slug":"selecoes-feminina-e-masculina-vencem-mundial-universitario","status":"publish","type":"post","link":"https:\/\/www.federacaopaulistadefutsal.com.br\/novo\/selecoes-feminina-e-masculina-vencem-mundial-universitario\/","title":{"rendered":"Sele\u00e7\u00f5es Feminina e Masculina vencem Mundial Universit\u00e1rio"},"content":{"rendered":"<p>&nbsp;<br \/>\nNo \u00faltimo domingo (10), em partidas v\u00e1lidas pelas grandes finais do Campeonato Mundial Universit\u00e1rio, as Sele\u00e7\u00f5es Brasileiras Feminina e Masculina entraram em quadra na Arena Goi\u00e2nia, na capital, em Goi\u00e1s. Ambas as equipes, diante da R\u00fassia, venceram suas partidas, e assim, garantiram o &#8220;caneco&#8221; para o pa\u00eds &#8220;verde e amarelo&#8221;. Confira!<br \/>\nNo Masculino, o Brasil bateu o time russo pelo placar de 2 a 1, e os gols foram &#8220;anotados&#8221; por Johnny Gomes, camisa 9 considerado o melhor jogador do torneio. E no Feminino, vit\u00f3ria por 1 a 0, e o tento brasileiro foi marcado por Renatinha.<br \/>\n<strong>&#8220;Estou muito feliz e n\u00e3o sabia que ter\u00edamos premia\u00e7\u00f5es individuais. Queria agradecer o povo goiano que nos recebeu t\u00e3o bem. 2014 bateu na trave, eu estava em M\u00e1laga e participei da derrota para a R\u00fassia. Hoje, sa\u00edmos daqui de alma lavada!&#8221;,<\/strong> declarou o atleta, que atua como piv\u00f4, ap\u00f3s a partida.<br \/>\nT\u00e9cnico da Sele\u00e7\u00e3o Brasileira Masculina, Fernando Cabral tamb\u00e9m falou depois da conquista: <strong>&#8220;Queria primeiro agradecer a Goi\u00e2nia-GO, Goi\u00e1s e toda a organiza\u00e7\u00e3o. Fiquei muito grato porque me trouxeram depois de dois anos para c\u00e1 para esta revanche. Fiquei dois anos estudando para ganhar este t\u00edtulo e viemos para c\u00e1 com a R\u00fassia na cabe\u00e7a. Foi uma competi\u00e7\u00e3o dif\u00edcil, respeitando os advers\u00e1rios, mas a gente esperava por essa final&#8221;,\u00a0<\/strong>disse o treinador.<br \/>\n<strong>&#8220;A gente j\u00e1 esperava que ia ser um jogo dif\u00edcil, as russas s\u00e3o muito bem preparadas. No geral, a competi\u00e7\u00e3o foi boa, um n\u00edvel muito alto, e isso \u00e9 muito bom pra gente. Esse foi o terceiro t\u00edtulo meu pela Sele\u00e7\u00e3o Universit\u00e1ria, mas o primeiro jogando no Brasil. Pra n\u00f3s, \u00e9 uma alegria imensa jogar em casa, com essa torcida maravilhosa. Fazer o gol do t\u00edtulo ent\u00e3o foi uma honra. Estou muito feliz!&#8221;,\u00a0<\/strong>declarou Renatinha, craque do time feminino\u00a0(As entrevistas foram concedidas ao portal da CBDU).<br \/>\n&nbsp;<br \/>\nPor Assessoria FPFS<br \/>\nCom informa\u00e7\u00f5es: Futsal em Pauta<br \/>\nFoto: Divulga\u00e7\u00e3o\/Fotojump<\/p>\n","protected":false},"excerpt":{"rendered":"<p>&nbsp; No \u00faltimo domingo (10), em partidas v\u00e1lidas pelas grandes finais do Campeonato Mundial Universit\u00e1rio, as Sele\u00e7\u00f5es Brasileiras Feminina e<\/p>\n","protected":false},"author":1,"featured_media":12020,"comment_status":"closed","ping_status":"open","sticky":false,"template":"","format":"standard","meta":{"footnotes":""},"categories":[25,26,32,35],"tags":[419,425,680,785,1045,1070,1606,1641,1702,2147,2149,2250,2464,2537,2604],"class_list":["post-12019","post","type-post","status-publish","format-standard","has-post-thumbnail","hentry","category-destaques","category-feminino","category-maiores","category-selecao","tag-brasil","tag-brasileiros","tag-conquistas","tag-decisao","tag-feminina","tag-finais","tag-masculina","tag-meninas","tag-mundial","tag-russia","tag-russos","tag-selecoes","tag-titulos","tag-universitario","tag-vitorias"],"_links":{"self":[{"href":"https:\/\/www.federacaopaulistadefutsal.com.br\/novo\/wp-json\/wp\/v2\/posts\/12019","targetHints":{"allow":["GET"]}}],"collection":[{"href":"https:\/\/www.federacaopaulistadefutsal.com.br\/novo\/wp-json\/wp\/v2\/posts"}],"about":[{"href":"https:\/\/www.federacaopaulistadefutsal.com.br\/novo\/wp-json\/wp\/v2\/types\/post"}],"author":[{"embeddable":true,"href":"https:\/\/www.federacaopaulistadefutsal.com.br\/novo\/wp-json\/wp\/v2\/users\/1"}],"replies":[{"embeddable":true,"href":"https:\/\/www.federacaopaulistadefutsal.com.br\/novo\/wp-json\/wp\/v2\/comments?post=12019"}],"version-history":[{"count":0,"href":"https:\/\/www.federacaopaulistadefutsal.com.br\/novo\/wp-json\/wp\/v2\/posts\/12019\/revisions"}],"wp:featuredmedia":[{"embeddable":true,"href":"https:\/\/www.federacaopaulistadefutsal.com.br\/novo\/wp-json\/"}],"wp:attachment":[{"href":"https:\/\/www.federacaopaulistadefutsal.com.br\/novo\/wp-json\/wp\/v2\/media?parent=12019"}],"wp:term":[{"taxonomy":"category","embeddable":true,"href":"https:\/\/www.federacaopaulistadefutsal.com.br\/novo\/wp-json\/wp\/v2\/categories?post=12019"},{"taxonomy":"post_tag","embeddable":true,"href":"https:\/\/www.federacaopaulistadefutsal.com.br\/novo\/wp-json\/wp\/v2\/tags?post=12019"}],"curies":[{"name":"wp","href":"https:\/\/api.w.org\/{rel}","templated":true}]}}