{"id":12101,"date":"2016-07-15T14:00:11","date_gmt":"2016-07-15T14:00:11","guid":{"rendered":"http:\/\/www.federacaopaulistadefutsal.com.br\/?p=12101"},"modified":"2016-07-15T14:00:11","modified_gmt":"2016-07-15T14:00:11","slug":"fora-das-quadras-a-a-fib-realiza-trabalhos-fisicos-na-academia","status":"publish","type":"post","link":"https:\/\/www.federacaopaulistadefutsal.com.br\/novo\/fora-das-quadras-a-a-fib-realiza-trabalhos-fisicos-na-academia\/","title":{"rendered":"Fora das quadras, A.A. FIB realiza trabalhos f\u00edsicos na academia"},"content":{"rendered":"<p>&nbsp;<br \/>\nEnquanto Everton Carvalho, o &#8220;Alem\u00e3o&#8221;, t\u00e9cnico da A.A. FIB, trabalha a parte t\u00e1tica de seus comandados nas quatro linhas, seu irm\u00e3o Elton Carvalho, que o auxilia na comiss\u00e3o t\u00e9cnica, realiza uma atividade que vai al\u00e9m das quadras. Ele faz trabalhos f\u00edsicos com os jogadores em academia na cidade de Bauru-SP.<br \/>\n<strong>&#8220;Disputamos duas competi\u00e7\u00f5es de alto n\u00edvel nessa temporada e passamos o primeiro semestre sem registrar nenhum quadro grave de les\u00e3o no nosso elenco, mostrando assim a efic\u00e1cia do trabalho de preven\u00e7\u00e3o de contus\u00f5es que est\u00e1 sendo realizado com os jogadores&#8221;,<\/strong>\u00a0disse Elton, relatando a import\u00e2ncia de tais atividades f\u00edsicas para prevenir les\u00f5es de atletas.<br \/>\nAcompanhamento fisioterap\u00eautico e nutricional tamb\u00e9m s\u00e3o utilizados para a prepara\u00e7\u00e3o dos jogadores da A.A. FIB aos desafios nas quatro linhas. Al\u00e9m de trabalhos de propriocep\u00e7\u00e3o e equil\u00edbrio, que servem para regenerar as condi\u00e7\u00f5es f\u00edsicas dos atletas do time bauruense.<br \/>\nComandada pelo t\u00e9cnico Everton Carvalho, o &#8220;Alem\u00e3o&#8221;, a equipe de Bauru-SP terminou a primeira fase da Liga Paulista na sexta coloca\u00e7\u00e3o, com 10 pontos ganhos, divididos em tr\u00eas vit\u00f3rias, um empate e quatro derrotas. Ap\u00f3s a sa\u00edda da competi\u00e7\u00e3o, a A.A. FIB se reapresentou nesta semana, e agora, segue treinando visando a disputa da Copa Paulista, torneio que acontecer\u00e1 no segundo semestre.<br \/>\n&nbsp;<br \/>\nPor Assessoria FPFS<br \/>\nCom informa\u00e7\u00f5es e foto: Rafael Peloso\/A.A. FIB<\/p>\n","protected":false},"excerpt":{"rendered":"<p>&nbsp; Enquanto Everton Carvalho, o &#8220;Alem\u00e3o&#8221;, t\u00e9cnico da A.A. FIB, trabalha a parte t\u00e1tica de seus comandados nas quatro linhas,<\/p>\n","protected":false},"author":1,"featured_media":12103,"comment_status":"closed","ping_status":"open","sticky":false,"template":"","format":"standard","meta":{"footnotes":""},"categories":[29,32],"tags":[99,329,367,369,923,940,1525,1556,2322,2422,2479,2485],"class_list":["post-12101","post","type-post","status-publish","format-standard","has-post-thumbnail","hentry","category-interior","category-maiores","tag-a-a-fib","tag-auxiliar-tecnica","tag-bauru","tag-bauruenses","tag-elton-carvalho","tag-entrevista","tag-liga-paulista","tag-lpf","tag-sonora","tag-tecnico","tag-trabalhos","tag-treinador"],"_links":{"self":[{"href":"https:\/\/www.federacaopaulistadefutsal.com.br\/novo\/wp-json\/wp\/v2\/posts\/12101","targetHints":{"allow":["GET"]}}],"collection":[{"href":"https:\/\/www.federacaopaulistadefutsal.com.br\/novo\/wp-json\/wp\/v2\/posts"}],"about":[{"href":"https:\/\/www.federacaopaulistadefutsal.com.br\/novo\/wp-json\/wp\/v2\/types\/post"}],"author":[{"embeddable":true,"href":"https:\/\/www.federacaopaulistadefutsal.com.br\/novo\/wp-json\/wp\/v2\/users\/1"}],"replies":[{"embeddable":true,"href":"https:\/\/www.federacaopaulistadefutsal.com.br\/novo\/wp-json\/wp\/v2\/comments?post=12101"}],"version-history":[{"count":0,"href":"https:\/\/www.federacaopaulistadefutsal.com.br\/novo\/wp-json\/wp\/v2\/posts\/12101\/revisions"}],"wp:featuredmedia":[{"embeddable":true,"href":"https:\/\/www.federacaopaulistadefutsal.com.br\/novo\/wp-json\/"}],"wp:attachment":[{"href":"https:\/\/www.federacaopaulistadefutsal.com.br\/novo\/wp-json\/wp\/v2\/media?parent=12101"}],"wp:term":[{"taxonomy":"category","embeddable":true,"href":"https:\/\/www.federacaopaulistadefutsal.com.br\/novo\/wp-json\/wp\/v2\/categories?post=12101"},{"taxonomy":"post_tag","embeddable":true,"href":"https:\/\/www.federacaopaulistadefutsal.com.br\/novo\/wp-json\/wp\/v2\/tags?post=12101"}],"curies":[{"name":"wp","href":"https:\/\/api.w.org\/{rel}","templated":true}]}}