{"id":12115,"date":"2016-07-17T00:20:31","date_gmt":"2016-07-17T00:20:31","guid":{"rendered":"http:\/\/www.federacaopaulistadefutsal.com.br\/?p=12115"},"modified":"2016-07-17T00:20:31","modified_gmt":"2016-07-17T00:20:31","slug":"no-ciro-ii-equipes-de-menores-conquistam-campeonato-metropolitano","status":"publish","type":"post","link":"https:\/\/www.federacaopaulistadefutsal.com.br\/novo\/no-ciro-ii-equipes-de-menores-conquistam-campeonato-metropolitano\/","title":{"rendered":"No Ciro II, equipes de menores conquistam Campeonato Metropolitano"},"content":{"rendered":"<p>&nbsp;<br \/>\nNeste s\u00e1bado (16), em partidas v\u00e1lidas pelas grandes finais do Campeonato Metropolitano, equipes das categorias sub-10, 12, 14, 16 e 17 se enfrentaram nas quatro linhas, no gin\u00e1sio Presidente Ciro II, da Federa\u00e7\u00e3o Paulista de Futsal (FPFS), em S\u00e3o Paulo-SP. Diante de suas torcidas, a garotada de Palmeiras, Sorocaba e Corinthians venceram seus advers\u00e1rios e levantaram o &#8220;caneco&#8221; da competi\u00e7\u00e3o!<br \/>\n<span style=\"color: #000000;\"><b>Sub-10 &#8211;\u00a0<\/b>Corinthians 1 x 2 Palmeiras (Prorroga\u00e7\u00e3o: 0 x 1) &#8211;<strong> Palmeiras campe\u00e3o!<\/strong><\/span><br \/>\n<strong>Gols:<\/strong>\u00a0Luighi e Kau\u00e2 (Palmeiras), e Pedro Henrique (Corinthians).<br \/>\n<a href=\"http:\/\/www.federacaopaulistadefutsal.com.br\/wp-content\/uploads\/2016\/07\/Sub10_2.jpg\"><img fetchpriority=\"high\" decoding=\"async\" class=\"aligncenter size-large wp-image-12118\" src=\"http:\/\/www.federacaopaulistadefutsal.com.br\/wp-content\/uploads\/2016\/07\/Sub10_2.jpg\" alt=\"Sub10_2\" width=\"604\" height=\"403\" \/><\/a><br \/>\n<strong>Sub-12 &#8211; <\/strong>Sorocaba 4 x 0 Juventus (Prorroga\u00e7\u00e3o: 1 x 1) &#8211;<strong> Sorocaba campe\u00e3o!\u00a0<\/strong><br \/>\n<strong>Gols:<\/strong> Gabriel Amaral (2), Luiz, Mateus e Jo\u00e3o Vitor (Sorocaba), e Pedro Henrique (Palmeiras).<br \/>\n<strong>Sub-14 &#8211;\u00a0<\/strong>Palmeiras 4 x 3 Juventus (Prorroga\u00e7\u00e3o: 1 x 0) &#8211; <strong>Palmeiras campe\u00e3o!<\/strong><br \/>\n<strong>Gols:\u00a0<\/strong>Gustavo (3) e Hiago (2) (Palmeiras), e Paulo Romero, Gustavo e Marcelo (Juventus).<br \/>\n<a href=\"http:\/\/www.federacaopaulistadefutsal.com.br\/wp-content\/uploads\/2016\/07\/Sub14_1.jpg\"><img decoding=\"async\" class=\"aligncenter size-full wp-image-12119\" src=\"http:\/\/www.federacaopaulistadefutsal.com.br\/wp-content\/uploads\/2016\/07\/Sub14_1.jpg\" alt=\"Sub14_1\" width=\"672\" height=\"448\" \/><\/a> <a href=\"http:\/\/www.federacaopaulistadefutsal.com.br\/wp-content\/uploads\/2016\/07\/Sub14_2.jpg\"><img decoding=\"async\" class=\"aligncenter size-large wp-image-12120\" src=\"http:\/\/www.federacaopaulistadefutsal.com.br\/wp-content\/uploads\/2016\/07\/Sub14_2.jpg\" alt=\"Sub14_2\" width=\"604\" height=\"403\" \/><\/a><br \/>\n<strong>Sub-16 &#8211;\u00a0<\/strong>Corinthians 3 x 2 Palmeiras &#8211; <strong>Corinthians campe\u00e3o!<\/strong><br \/>\n<strong>Gols:<\/strong> Marcos Vin\u00edcius e Lucas Piton (2) (Corinthians), e Alex e Jo\u00e3o Victor Farias (Palmeiras).<br \/>\n<a href=\"http:\/\/www.federacaopaulistadefutsal.com.br\/wp-content\/uploads\/2016\/07\/Sub16_1.jpg\"><img loading=\"lazy\" decoding=\"async\" class=\"aligncenter size-full wp-image-12121\" src=\"http:\/\/www.federacaopaulistadefutsal.com.br\/wp-content\/uploads\/2016\/07\/Sub16_1.jpg\" alt=\"Sub16_1\" width=\"672\" height=\"448\" \/><\/a> <a href=\"http:\/\/www.federacaopaulistadefutsal.com.br\/wp-content\/uploads\/2016\/07\/Sub16_2.jpg\"><img loading=\"lazy\" decoding=\"async\" class=\"aligncenter size-large wp-image-12122\" src=\"http:\/\/www.federacaopaulistadefutsal.com.br\/wp-content\/uploads\/2016\/07\/Sub16_2.jpg\" alt=\"Sub16_2\" width=\"604\" height=\"403\" \/><\/a><br \/>\n<strong>Sub-17 &#8211;\u00a0<\/strong>Palmeiras 7 x 3 Santos &#8211; <strong>Palmeiras campe\u00e3o!\u00a0<\/strong><br \/>\n<strong>Gols:\u00a0<\/strong>Alisson (2), Daivison, Bruno, Matheus Faria e Rafael Elias (2) (Palmeiras), e Lucas, Thalles e Israel (Santos).<br \/>\n<a href=\"http:\/\/www.federacaopaulistadefutsal.com.br\/wp-content\/uploads\/2016\/07\/Sub17_1.jpg\"><img loading=\"lazy\" decoding=\"async\" class=\"aligncenter size-full wp-image-12123\" src=\"http:\/\/www.federacaopaulistadefutsal.com.br\/wp-content\/uploads\/2016\/07\/Sub17_1.jpg\" alt=\"Sub17_1\" width=\"672\" height=\"448\" \/><\/a><br \/>\n<a href=\"http:\/\/www.federacaopaulistadefutsal.com.br\/wp-content\/uploads\/2016\/07\/Sub17_2.jpg\"><img loading=\"lazy\" decoding=\"async\" class=\"aligncenter size-full wp-image-12124\" src=\"http:\/\/www.federacaopaulistadefutsal.com.br\/wp-content\/uploads\/2016\/07\/Sub17_2.jpg\" alt=\"Sub17_2\" width=\"672\" height=\"448\" \/><\/a><br \/>\nAtrav\u00e9s deste espa\u00e7o, a Federa\u00e7\u00e3o Paulista de Futsal (FPFS), entidade que administra e organizada o esporte das quadras em S\u00e3o Paulo, parabeniza a todos os participantes, clubes e atletas, das edi\u00e7\u00f5es de menores do Campeonato Metropolitano.<br \/>\n&nbsp;<br \/>\nPor Assessoria FPFS<br \/>\nFotos: Divulga\u00e7\u00e3o\/Assessoria FPFS<\/p>\n","protected":false},"excerpt":{"rendered":"<p>&nbsp; Neste s\u00e1bado (16), em partidas v\u00e1lidas pelas grandes finais do Campeonato Metropolitano, equipes das categorias sub-10, 12, 14, 16<\/p>\n","protected":false},"author":1,"featured_media":12117,"comment_status":"closed","ping_status":"open","sticky":false,"template":"","format":"standard","meta":{"footnotes":""},"categories":[25,29,33,12],"tags":[472,606,680,734,829,42,1334,1643,1650,1806,2325,2464,2565,2604],"class_list":["post-12115","post","type-post","status-publish","format-standard","has-post-thumbnail","hentry","category-destaques","category-interior","category-menores","category-metropolitano-base-a1","tag-campeoes","tag-ciro-ii","tag-conquistas","tag-corinthians","tag-destaques","tag-fpfs","tag-interior","tag-menores-2","tag-metropolitano","tag-palmeiras","tag-sorocaba","tag-titulos","tag-vencedores","tag-vitorias"],"_links":{"self":[{"href":"https:\/\/www.federacaopaulistadefutsal.com.br\/novo\/wp-json\/wp\/v2\/posts\/12115","targetHints":{"allow":["GET"]}}],"collection":[{"href":"https:\/\/www.federacaopaulistadefutsal.com.br\/novo\/wp-json\/wp\/v2\/posts"}],"about":[{"href":"https:\/\/www.federacaopaulistadefutsal.com.br\/novo\/wp-json\/wp\/v2\/types\/post"}],"author":[{"embeddable":true,"href":"https:\/\/www.federacaopaulistadefutsal.com.br\/novo\/wp-json\/wp\/v2\/users\/1"}],"replies":[{"embeddable":true,"href":"https:\/\/www.federacaopaulistadefutsal.com.br\/novo\/wp-json\/wp\/v2\/comments?post=12115"}],"version-history":[{"count":0,"href":"https:\/\/www.federacaopaulistadefutsal.com.br\/novo\/wp-json\/wp\/v2\/posts\/12115\/revisions"}],"wp:featuredmedia":[{"embeddable":true,"href":"https:\/\/www.federacaopaulistadefutsal.com.br\/novo\/wp-json\/"}],"wp:attachment":[{"href":"https:\/\/www.federacaopaulistadefutsal.com.br\/novo\/wp-json\/wp\/v2\/media?parent=12115"}],"wp:term":[{"taxonomy":"category","embeddable":true,"href":"https:\/\/www.federacaopaulistadefutsal.com.br\/novo\/wp-json\/wp\/v2\/categories?post=12115"},{"taxonomy":"post_tag","embeddable":true,"href":"https:\/\/www.federacaopaulistadefutsal.com.br\/novo\/wp-json\/wp\/v2\/tags?post=12115"}],"curies":[{"name":"wp","href":"https:\/\/api.w.org\/{rel}","templated":true}]}}