{"id":12160,"date":"2016-07-18T14:17:31","date_gmt":"2016-07-18T14:17:31","guid":{"rendered":"http:\/\/www.federacaopaulistadefutsal.com.br\/?p=12160"},"modified":"2016-07-18T14:17:31","modified_gmt":"2016-07-18T14:17:31","slug":"campeao-com-sub-20-tecnico-andre-bie-assume-principal-do-corinthians","status":"publish","type":"post","link":"https:\/\/www.federacaopaulistadefutsal.com.br\/novo\/campeao-com-sub-20-tecnico-andre-bie-assume-principal-do-corinthians\/","title":{"rendered":"Campe\u00e3o com sub-20, t\u00e9cnico Andr\u00e9 Bi\u00e9 assume principal do Corinthians"},"content":{"rendered":"<p>&nbsp;<br \/>\nRecentemente campe\u00e3o invicto do Metropolitano sub-20 com o Corinthians, o t\u00e9cnico Andr\u00e9 Bi\u00e9, agora, oficialmente comandar\u00e1 o time principal do alvinegro. O treinador, que j\u00e1 estava dirigindo a equipe paulista na Liga Nacional, foi escolhido pela diretoria do clube corintiano, no \u00faltimo final de semana, para dar sequ\u00eancia ao seu trabalho \u00e0 beira das quatro linhas.<br \/>\nJuntamente com nomes como Milton Zimer, Lucas Chioro, e h\u00e1 pouco tempo, Fernando Ferretti, Bi\u00e9 trabalhou na \u00e1rea t\u00e9cnica pelo futsal do Tim\u00e3o. O treinador, com a &#8220;prancheta&#8221; do Corinthians nas m\u00e3os, faturou os seguintes t\u00edtulos: 5 Campeonatos Metropolitanos (2012 a 2016), 4 Campeonatos Paulistas sub-20 (2012 a 2015), 1 Ta\u00e7a Brasil sub-20 (2013), 2 Campeonatos Metropolitanos sub-11 (2011 e 2012), 1 Campeonato Metropolitano sub-13 (2011), 1 Campeonato Metropolitano sub-15 (2012), e por fim, 1 Campeonato Estadual sub-13 (2011).<br \/>\n&nbsp;<br \/>\nPor Assessoria FPFS<br \/>\nCom informa\u00e7\u00f5es: Futsal em Pauta<br \/>\nFoto: Divulga\u00e7\u00e3o\/ Ronaldo de Oliveira\/Andr\u00e9 Bi\u00e9<\/p>\n","protected":false},"excerpt":{"rendered":"<p>&nbsp; Recentemente campe\u00e3o invicto do Metropolitano sub-20 com o Corinthians, o t\u00e9cnico Andr\u00e9 Bi\u00e9, agora, oficialmente comandar\u00e1 o time principal<\/p>\n","protected":false},"author":1,"featured_media":12162,"comment_status":"closed","ping_status":"open","sticky":false,"template":"","format":"standard","meta":{"footnotes":""},"categories":[25,32,13],"tags":[222,295,393,691,734,738,854,905,1523,1525,1546,1556,1719,1764,2422,2485],"class_list":["post-12160","post","type-post","status-publish","format-standard","has-post-thumbnail","hentry","category-destaques","category-maiores","category-metropolitano-sub-20","tag-andre","tag-assume","tag-bie","tag-contrato","tag-corinthians","tag-corintiano","tag-diretoria","tag-efetivado","tag-liga-nacional","tag-liga-paulista","tag-lnf","tag-lpf","tag-negociacoes","tag-oficialmente","tag-tecnico","tag-treinador"],"_links":{"self":[{"href":"https:\/\/www.federacaopaulistadefutsal.com.br\/novo\/wp-json\/wp\/v2\/posts\/12160","targetHints":{"allow":["GET"]}}],"collection":[{"href":"https:\/\/www.federacaopaulistadefutsal.com.br\/novo\/wp-json\/wp\/v2\/posts"}],"about":[{"href":"https:\/\/www.federacaopaulistadefutsal.com.br\/novo\/wp-json\/wp\/v2\/types\/post"}],"author":[{"embeddable":true,"href":"https:\/\/www.federacaopaulistadefutsal.com.br\/novo\/wp-json\/wp\/v2\/users\/1"}],"replies":[{"embeddable":true,"href":"https:\/\/www.federacaopaulistadefutsal.com.br\/novo\/wp-json\/wp\/v2\/comments?post=12160"}],"version-history":[{"count":0,"href":"https:\/\/www.federacaopaulistadefutsal.com.br\/novo\/wp-json\/wp\/v2\/posts\/12160\/revisions"}],"wp:featuredmedia":[{"embeddable":true,"href":"https:\/\/www.federacaopaulistadefutsal.com.br\/novo\/wp-json\/"}],"wp:attachment":[{"href":"https:\/\/www.federacaopaulistadefutsal.com.br\/novo\/wp-json\/wp\/v2\/media?parent=12160"}],"wp:term":[{"taxonomy":"category","embeddable":true,"href":"https:\/\/www.federacaopaulistadefutsal.com.br\/novo\/wp-json\/wp\/v2\/categories?post=12160"},{"taxonomy":"post_tag","embeddable":true,"href":"https:\/\/www.federacaopaulistadefutsal.com.br\/novo\/wp-json\/wp\/v2\/tags?post=12160"}],"curies":[{"name":"wp","href":"https:\/\/api.w.org\/{rel}","templated":true}]}}