{"id":12172,"date":"2016-07-19T11:00:06","date_gmt":"2016-07-19T11:00:06","guid":{"rendered":"http:\/\/www.federacaopaulistadefutsal.com.br\/?p=12172"},"modified":"2016-07-19T11:00:06","modified_gmt":"2016-07-19T11:00:06","slug":"serrana-goleia-bebedouro-e-conquista-caneco-dos-jogos-regionais","status":"publish","type":"post","link":"https:\/\/www.federacaopaulistadefutsal.com.br\/novo\/serrana-goleia-bebedouro-e-conquista-caneco-dos-jogos-regionais\/","title":{"rendered":"Serrana goleia Bebedouro e conquista &quot;caneco&quot; dos Jogos Regionais"},"content":{"rendered":"<p>&nbsp;<br \/>\nNo \u00faltimo s\u00e1bado (16), em jogo v\u00e1lido pela grande final dos Jogos Regionais, o Serrana Futsal encarou o Bebedouro na cidade de Sert\u00e3ozinho, interior de S\u00e3o Paulo. O time serranense venceu por goleada de 7 a 0, e com o resultado, levantou o &#8220;caneco&#8221; da competi\u00e7\u00e3o interiorana.<br \/>\nCom mais de 50 gols marcados e apenas 1 sofrido ao longo do torneio, o Serrana do goleiro Kleber Grund, da melhor defesa do campeonato, garantiu o t\u00edtulo de maneira invicta. O arqueiro serrano falou sobre a conquista: <strong>&#8220;Estou muito feliz. Temos um grupo focado. Ontem vencemos uma outra grande equipe, que conta com jogadores a n\u00edvel sele\u00e7\u00e3o e hoje n\u00e3o foi diferente, entramos em quadra concentrados e tudo deu certo. Bebedouro tamb\u00e9m foi um advers\u00e1rio muito dif\u00edcil, mas soubemos aproveitar todas as nossas chances de gols. Este \u00e9 meu oitavo t\u00edtulo em tr\u00eas anos aqui e o segundo nos Regionais&#8221;,\u00a0<\/strong>declarou.<br \/>\nComandado pelo t\u00e9cnico Paulo Massami, o Serrana Futsal retornou aos treinos na segunda-feira (18), visando a prepara\u00e7\u00e3o para o seu pr\u00f3ximo compromisso em quadra, partida contra o time do Jaboticabal.<br \/>\n&nbsp;<br \/>\nPor Assessoria FPFS<br \/>\nCom informa\u00e7\u00f5es e foto: Gilberto Santos<\/p>\n","protected":false},"excerpt":{"rendered":"<p>&nbsp; No \u00faltimo s\u00e1bado (16), em jogo v\u00e1lido pela grande final dos Jogos Regionais, o Serrana Futsal encarou o Bebedouro<\/p>\n","protected":false},"author":1,"featured_media":12174,"comment_status":"closed","ping_status":"open","sticky":false,"template":"","format":"standard","meta":{"footnotes":""},"categories":[25,29,32],"tags":[271,372,678,940,1071,1201,1205,1334,1437,1470,2288,2292,2295,2322,2462,2603],"class_list":["post-12172","post","type-post","status-publish","format-standard","has-post-thumbnail","hentry","category-destaques","category-interior","category-maiores","tag-arqueiro","tag-bebedouro","tag-conquista","tag-entrevista","tag-final","tag-goleada","tag-goleiro","tag-interior","tag-jogos-regionais","tag-kleber-grund","tag-serrana","tag-sertaozinho","tag-sete","tag-sonora","tag-titulo","tag-vitoria"],"_links":{"self":[{"href":"https:\/\/www.federacaopaulistadefutsal.com.br\/novo\/wp-json\/wp\/v2\/posts\/12172","targetHints":{"allow":["GET"]}}],"collection":[{"href":"https:\/\/www.federacaopaulistadefutsal.com.br\/novo\/wp-json\/wp\/v2\/posts"}],"about":[{"href":"https:\/\/www.federacaopaulistadefutsal.com.br\/novo\/wp-json\/wp\/v2\/types\/post"}],"author":[{"embeddable":true,"href":"https:\/\/www.federacaopaulistadefutsal.com.br\/novo\/wp-json\/wp\/v2\/users\/1"}],"replies":[{"embeddable":true,"href":"https:\/\/www.federacaopaulistadefutsal.com.br\/novo\/wp-json\/wp\/v2\/comments?post=12172"}],"version-history":[{"count":0,"href":"https:\/\/www.federacaopaulistadefutsal.com.br\/novo\/wp-json\/wp\/v2\/posts\/12172\/revisions"}],"wp:featuredmedia":[{"embeddable":true,"href":"https:\/\/www.federacaopaulistadefutsal.com.br\/novo\/wp-json\/"}],"wp:attachment":[{"href":"https:\/\/www.federacaopaulistadefutsal.com.br\/novo\/wp-json\/wp\/v2\/media?parent=12172"}],"wp:term":[{"taxonomy":"category","embeddable":true,"href":"https:\/\/www.federacaopaulistadefutsal.com.br\/novo\/wp-json\/wp\/v2\/categories?post=12172"},{"taxonomy":"post_tag","embeddable":true,"href":"https:\/\/www.federacaopaulistadefutsal.com.br\/novo\/wp-json\/wp\/v2\/tags?post=12172"}],"curies":[{"name":"wp","href":"https:\/\/api.w.org\/{rel}","templated":true}]}}