{"id":12176,"date":"2016-07-19T11:23:17","date_gmt":"2016-07-19T11:23:17","guid":{"rendered":"http:\/\/www.federacaopaulistadefutsal.com.br\/?p=12176"},"modified":"2016-07-19T11:23:17","modified_gmt":"2016-07-19T11:23:17","slug":"corinthians-representa-futsal-paulista-na-taca-brasil-sub-20","status":"publish","type":"post","link":"https:\/\/www.federacaopaulistadefutsal.com.br\/novo\/corinthians-representa-futsal-paulista-na-taca-brasil-sub-20\/","title":{"rendered":"Corinthians representa futsal paulista na Ta\u00e7a Brasil sub-20"},"content":{"rendered":"<p>&nbsp;<br \/>\nVai come\u00e7ar a Ta\u00e7a Brasil sub-20, torneio de clubes que acontecer\u00e1 entre os dias 03 e 07 de agosto, na cidade de Carlos Barbosa, no Rio Grande do Sul. Refer\u00eancia nas categorias de base, o Corinthians ser\u00e1 o representante do futsal paulista na competi\u00e7\u00e3o nacional. Confira!<br \/>\nAtual campe\u00e3o do Campeonato Metropolitano sub-20, o alvinegro do Parque S\u00e3o Jorge est\u00e1 no grupo E2, ao lado dos seguintes times: Carlos Barbosa (RS), Goi\u00e1s (GO) e Minas (MG). O grupo E1 \u00e9 composto por Esmac\/Ananindeua (PA), Graja\u00fa (RJ), Sananduva (RS), e por fim, Santa Cruz (PE).<br \/>\nDe acordo com o regulamento da Ta\u00e7a Brasil, os dois melhores classificados de cada chave avan\u00e7ar\u00e3o \u00e0s semifinais. Confira, abaixo, as datas e os hor\u00e1rios das partidas do torneio:<br \/>\n<strong>1\u00aa rodada &#8211; Quarta-feira \u2013 03\/08\u00a0<\/strong><br \/>\n14h \u2013 Sananduva x Graja\u00fa<br \/>\n16h \u2013 <strong>Corinthians<\/strong> x Goi\u00e1s<br \/>\n18h \u2013 Esmac x Santa Cruz<br \/>\n20h \u2013 ACBF x Minas<br \/>\n<strong>2\u00aa rodada &#8211; Quinta-feira \u2013 04\/08<\/strong><br \/>\n10h \u2013 Santa Cruz x Sananduva<br \/>\n13h \u2013 Minas x <strong>Corinthians<\/strong><br \/>\n15h \u2013 Graja\u00fa x Esmac<br \/>\n17h \u2013 Goi\u00e1s x ACBF<br \/>\n<strong>3\u00aa rodada \u2013 Sexta-feira \u2013 05\/08<\/strong><br \/>\n14h \u2013 Graja\u00fa x Santa Cruz<br \/>\n16h \u2013 Goi\u00e1s x Minas<br \/>\n18h \u2013 Esmac x Sananduva<br \/>\n20h \u2013 ACBF\u00a0x <strong>Corinthians<\/strong><br \/>\n<strong>Semifinais \u2013 S\u00e1bado \u2013 06\/08<\/strong><br \/>\n14h \u2013 1\u00ba lugar do grupo E1 x 2\u00ba lugar do grupo E2<br \/>\n16h \u2013 1\u00ba lugar do grupo E2 x 2\u00ba lugar do grupo E1<br \/>\n<strong>Final \u2013 Domingo \u2013 07\/08<\/strong><br \/>\n10h \u2013 Vencedor da semi 1 x Vencedor da semi 2<br \/>\n&nbsp;<br \/>\nPor Assessoria FPFS<br \/>\nCom informa\u00e7\u00f5es: ACBF<br \/>\nFoto: Divulga\u00e7\u00e3o\/Ag\u00eancia Corinthians<\/p>\n","protected":false},"excerpt":{"rendered":"<p>&nbsp; Vai come\u00e7ar a Ta\u00e7a Brasil sub-20, torneio de clubes que acontecer\u00e1 entre os dias 03 e 07 de agosto,<\/p>\n","protected":false},"author":1,"featured_media":12177,"comment_status":"closed","ping_status":"open","sticky":false,"template":"","format":"standard","meta":{"footnotes":""},"categories":[25,32],"tags":[203,360,473,551,629,648,734,778,1151,1272,1424,1825,2093,2352,2384,2395,2457,2473],"class_list":["post-12176","post","type-post","status-publish","format-standard","has-post-thumbnail","hentry","category-destaques","category-maiores","tag-alvinegro","tag-base","tag-campeonato","tag-categorias","tag-clubes","tag-competicao","tag-corinthians","tag-datas","tag-futsal-paulista","tag-horarios","tag-jogos","tag-partidas","tag-representante","tag-sub-20","tag-tabela","tag-taca-brasil","tag-timao","tag-torneio"],"_links":{"self":[{"href":"https:\/\/www.federacaopaulistadefutsal.com.br\/novo\/wp-json\/wp\/v2\/posts\/12176","targetHints":{"allow":["GET"]}}],"collection":[{"href":"https:\/\/www.federacaopaulistadefutsal.com.br\/novo\/wp-json\/wp\/v2\/posts"}],"about":[{"href":"https:\/\/www.federacaopaulistadefutsal.com.br\/novo\/wp-json\/wp\/v2\/types\/post"}],"author":[{"embeddable":true,"href":"https:\/\/www.federacaopaulistadefutsal.com.br\/novo\/wp-json\/wp\/v2\/users\/1"}],"replies":[{"embeddable":true,"href":"https:\/\/www.federacaopaulistadefutsal.com.br\/novo\/wp-json\/wp\/v2\/comments?post=12176"}],"version-history":[{"count":0,"href":"https:\/\/www.federacaopaulistadefutsal.com.br\/novo\/wp-json\/wp\/v2\/posts\/12176\/revisions"}],"wp:featuredmedia":[{"embeddable":true,"href":"https:\/\/www.federacaopaulistadefutsal.com.br\/novo\/wp-json\/"}],"wp:attachment":[{"href":"https:\/\/www.federacaopaulistadefutsal.com.br\/novo\/wp-json\/wp\/v2\/media?parent=12176"}],"wp:term":[{"taxonomy":"category","embeddable":true,"href":"https:\/\/www.federacaopaulistadefutsal.com.br\/novo\/wp-json\/wp\/v2\/categories?post=12176"},{"taxonomy":"post_tag","embeddable":true,"href":"https:\/\/www.federacaopaulistadefutsal.com.br\/novo\/wp-json\/wp\/v2\/tags?post=12176"}],"curies":[{"name":"wp","href":"https:\/\/api.w.org\/{rel}","templated":true}]}}