{"id":12213,"date":"2016-07-21T10:39:43","date_gmt":"2016-07-21T10:39:43","guid":{"rendered":"http:\/\/www.federacaopaulistadefutsal.com.br\/?p=12213"},"modified":"2016-07-21T10:39:43","modified_gmt":"2016-07-21T10:39:43","slug":"vale-no-itaguara-sao-jose-perde-primeira-das-quartas-para-yoka","status":"publish","type":"post","link":"https:\/\/www.federacaopaulistadefutsal.com.br\/novo\/vale-no-itaguara-sao-jose-perde-primeira-das-quartas-para-yoka\/","title":{"rendered":"Vale: No Itaguar\u00e1, S\u00e3o Jos\u00e9 perde primeira das quartas para Yoka"},"content":{"rendered":"<p>&nbsp;<\/p>\n<p class=\"western\">Na noite da \u00faltima quarta-feira (20), em partida de ida pelas quartas de final da Liga Paulista, o S\u00e3o Jos\u00e9 Futsal encarou a A.D. Yoka fora de casa, no gin\u00e1sio do Itaguar\u00e1 Country Clube, em Guaratinguet\u00e1-SP. Diante da equipe rival do Vale do Para\u00edba, o time joseense, em jogo equilibrado nas quatro linhas, perdeu pelo placar de 3 a 2.<\/p>\n<p class=\"western\">Os gols da vit\u00f3ria do time de &#8220;Guar\u00e1&#8221; foram marcados por Paulinho, Fabr\u00edcio e Gustavinho. Para os joseenses, os jogadores Vandinho e L\u00e9o colocaram a bola no fundo do &#8220;barbante&#8221;, tentos que n\u00e3o foram capazes de evitar a derrota para os visitantes.<\/p>\n<p class=\"western\">Agora, para avan\u00e7ar \u00e0 semifinal, o S\u00e3o Jos\u00e9 precisar\u00e1 vencer o segundo duelo no tempo normal e conseguir o empate\u00a0na prorroga\u00e7\u00e3o. A Yoka, por sua vez, ter\u00e1 apenas que empatar por qualquer placar para ficar com a vaga \u00e0 pr\u00f3xima fase da LPF.<\/p>\n<p class=\"western\">O decisivo confronto entre joseenses e guaratinguetaenses, um cl\u00e1ssico do Vale do Para\u00edba, est\u00e1 marcado para acontecer no s\u00e1bado (23), a partir das 13h00, no gin\u00e1sio do T\u00eanis Clube, em S\u00e3o Jos\u00e9 dos Campos-SP.<\/p>\n<p class=\"western\">\n<p class=\"western\">Por Assessoria FPFS<\/p>\n<p class=\"western\">Com informa\u00e7\u00f5es: Brenno Domingues\/Quarttus Marketing<\/p>\n<p class=\"western\">Foto: Divulga\u00e7\u00e3o\/\u00a0Brenno Domingues\/Quarttus Marketing<\/p>\n","protected":false},"excerpt":{"rendered":"<p>&nbsp; Na noite da \u00faltima quarta-feira (20), em partida de ida pelas quartas de final da Liga Paulista, o S\u00e3o<\/p>\n","protected":false},"author":1,"featured_media":12214,"comment_status":"closed","ping_status":"open","sticky":false,"template":"","format":"standard","meta":{"footnotes":""},"categories":[29,31,32],"tags":[807,1103,1237,1240,1334,1354,1447,1525,1556,1835,2013,2198,2548,2631],"class_list":["post-12213","post","type-post","status-publish","format-standard","has-post-thumbnail","hentry","category-interior","category-liga-paulista-de-futsal","category-maiores","tag-derrota","tag-fora-de-casa","tag-guara","tag-guaratingueta","tag-interior","tag-itaguara","tag-joseenses","tag-liga-paulista","tag-lpf","tag-paulista","tag-quartas-de-final","tag-sao-jose","tag-vale-do-paraiba","tag-yoka"],"_links":{"self":[{"href":"https:\/\/www.federacaopaulistadefutsal.com.br\/novo\/wp-json\/wp\/v2\/posts\/12213","targetHints":{"allow":["GET"]}}],"collection":[{"href":"https:\/\/www.federacaopaulistadefutsal.com.br\/novo\/wp-json\/wp\/v2\/posts"}],"about":[{"href":"https:\/\/www.federacaopaulistadefutsal.com.br\/novo\/wp-json\/wp\/v2\/types\/post"}],"author":[{"embeddable":true,"href":"https:\/\/www.federacaopaulistadefutsal.com.br\/novo\/wp-json\/wp\/v2\/users\/1"}],"replies":[{"embeddable":true,"href":"https:\/\/www.federacaopaulistadefutsal.com.br\/novo\/wp-json\/wp\/v2\/comments?post=12213"}],"version-history":[{"count":0,"href":"https:\/\/www.federacaopaulistadefutsal.com.br\/novo\/wp-json\/wp\/v2\/posts\/12213\/revisions"}],"wp:featuredmedia":[{"embeddable":true,"href":"https:\/\/www.federacaopaulistadefutsal.com.br\/novo\/wp-json\/"}],"wp:attachment":[{"href":"https:\/\/www.federacaopaulistadefutsal.com.br\/novo\/wp-json\/wp\/v2\/media?parent=12213"}],"wp:term":[{"taxonomy":"category","embeddable":true,"href":"https:\/\/www.federacaopaulistadefutsal.com.br\/novo\/wp-json\/wp\/v2\/categories?post=12213"},{"taxonomy":"post_tag","embeddable":true,"href":"https:\/\/www.federacaopaulistadefutsal.com.br\/novo\/wp-json\/wp\/v2\/tags?post=12213"}],"curies":[{"name":"wp","href":"https:\/\/api.w.org\/{rel}","templated":true}]}}