{"id":12224,"date":"2016-07-21T14:09:04","date_gmt":"2016-07-21T14:09:04","guid":{"rendered":"http:\/\/www.federacaopaulistadefutsal.com.br\/?p=12224"},"modified":"2016-07-21T14:09:04","modified_gmt":"2016-07-21T14:09:04","slug":"time-do-vale-sao-jose-futsal-anuncia-contratacao-do-ala-portuga","status":"publish","type":"post","link":"https:\/\/www.federacaopaulistadefutsal.com.br\/novo\/time-do-vale-sao-jose-futsal-anuncia-contratacao-do-ala-portuga\/","title":{"rendered":"Time do Vale, S\u00e3o Jos\u00e9 Futsal anuncia contrata\u00e7\u00e3o do ala Portuga"},"content":{"rendered":"<p>&nbsp;<\/p>\n<p class=\"western\">Ap\u00f3s recentemente anunciar a contrata\u00e7\u00e3o do jogador Guerra na semana passada, o S\u00e3o Jos\u00e9 Futsal, time do Vale do Para\u00edba, traz mais uma novidade para o restante da temporada. Trata-se de Portuga, ala nas quatro linhas que assinou com a equipe joseense na \u00faltima quarta-feira (20).<\/p>\n<p class=\"western\">E n\u00e3o ser\u00e1 a primeira vez que o atleta das quadras mostrar\u00e1 sua habilidade no futsal paulista. O jogador, agora no time da cidade de S\u00e3o Jos\u00e9 dos Campos-SP, j\u00e1 vestiu as camisas de Corinthians, S\u00e3o Caetano, e at\u00e9 pouco tempo atr\u00e1s, S\u00e3o Bernardo; ele deve ser utilizado pelo t\u00e9cnico Lucas Chioro nos desafios da equipe do interior nas Ligas Nacional e Paulista.<\/p>\n<p class=\"western\">Sobre a oportunidade de defender o S\u00e3o Jos\u00e9, Portuga declarou o seguinte:\u00a0<strong>&#8221;Estou muito feliz com o projeto do S\u00e3o Jos\u00e9. Espero poder ajudar a equipe a alcan\u00e7ar os objetivos que o clube almeja, dando o m\u00e1ximo de mim dentro de quadra&#8221;,\u00a0<\/strong>disse o entusiasmado atleta.<\/p>\n<p class=\"western\">\n<p class=\"western\">Por Assessoria FPFS<\/p>\n<p class=\"western\">Com informa\u00e7\u00f5es: Brenno Domingues\/Quarttus Marketing<\/p>\n<p class=\"western\">Foto: Divulga\u00e7\u00e3o\/ Brenno Domingues\/Quarttus Marketing<\/p>\n","protected":false},"excerpt":{"rendered":"<p>&nbsp; Ap\u00f3s recentemente anunciar a contrata\u00e7\u00e3o do jogador Guerra na semana passada, o S\u00e3o Jos\u00e9 Futsal, time do Vale do<\/p>\n","protected":false},"author":1,"featured_media":12226,"comment_status":"closed","ping_status":"open","sticky":false,"template":"","format":"standard","meta":{"footnotes":""},"categories":[29,32],"tags":[190,308,689,854,940,1334,1409,1447,1645,1914,2062,2198,2322,2548],"class_list":["post-12224","post","type-post","status-publish","format-standard","has-post-thumbnail","hentry","category-interior","category-maiores","tag-ala","tag-atleta","tag-contratacao","tag-diretoria","tag-entrevista","tag-interior","tag-jogador","tag-joseenses","tag-mercado","tag-portuga","tag-reforco","tag-sao-jose","tag-sonora","tag-vale-do-paraiba"],"_links":{"self":[{"href":"https:\/\/www.federacaopaulistadefutsal.com.br\/novo\/wp-json\/wp\/v2\/posts\/12224","targetHints":{"allow":["GET"]}}],"collection":[{"href":"https:\/\/www.federacaopaulistadefutsal.com.br\/novo\/wp-json\/wp\/v2\/posts"}],"about":[{"href":"https:\/\/www.federacaopaulistadefutsal.com.br\/novo\/wp-json\/wp\/v2\/types\/post"}],"author":[{"embeddable":true,"href":"https:\/\/www.federacaopaulistadefutsal.com.br\/novo\/wp-json\/wp\/v2\/users\/1"}],"replies":[{"embeddable":true,"href":"https:\/\/www.federacaopaulistadefutsal.com.br\/novo\/wp-json\/wp\/v2\/comments?post=12224"}],"version-history":[{"count":0,"href":"https:\/\/www.federacaopaulistadefutsal.com.br\/novo\/wp-json\/wp\/v2\/posts\/12224\/revisions"}],"wp:featuredmedia":[{"embeddable":true,"href":"https:\/\/www.federacaopaulistadefutsal.com.br\/novo\/wp-json\/"}],"wp:attachment":[{"href":"https:\/\/www.federacaopaulistadefutsal.com.br\/novo\/wp-json\/wp\/v2\/media?parent=12224"}],"wp:term":[{"taxonomy":"category","embeddable":true,"href":"https:\/\/www.federacaopaulistadefutsal.com.br\/novo\/wp-json\/wp\/v2\/categories?post=12224"},{"taxonomy":"post_tag","embeddable":true,"href":"https:\/\/www.federacaopaulistadefutsal.com.br\/novo\/wp-json\/wp\/v2\/tags?post=12224"}],"curies":[{"name":"wp","href":"https:\/\/api.w.org\/{rel}","templated":true}]}}