{"id":12242,"date":"2016-07-22T11:37:26","date_gmt":"2016-07-22T11:37:26","guid":{"rendered":"http:\/\/www.federacaopaulistadefutsal.com.br\/?p=12242"},"modified":"2016-07-22T11:37:26","modified_gmt":"2016-07-22T11:37:26","slug":"comandada-por-serginho-selecao-inicia-treinos-nas-quatro-linhas","status":"publish","type":"post","link":"https:\/\/www.federacaopaulistadefutsal.com.br\/novo\/comandada-por-serginho-selecao-inicia-treinos-nas-quatro-linhas\/","title":{"rendered":"Comandada por Serginho, Sele\u00e7\u00e3o inicia treinos nas quatro linhas"},"content":{"rendered":"<p>&nbsp;<br \/>\nComandada pelo t\u00e9cnico Serginho Schiochet, ex-Sorocaba, a Sele\u00e7\u00e3o Brasileira de Futsal iniciou, na \u00faltima quinta-feira (21), os treinos com bola em Fraiburgo-SC, local do primeiro amistoso contra a Argentina. O time do treinador medir\u00e1 for\u00e7as com os &#8220;Hermanos&#8221; na pr\u00f3xima segunda (25), \u00e0s 21h00.<br \/>\n<strong>&#8220;Estamos conseguindo trazer pela segunda vez no ano esse grupo completo, com jogadores que atuam no exterior e at\u00e9 ent\u00e3o est\u00e3o no nosso planejamento. Esses 10, 12 dias ser\u00e3o fundamentais para intensificar um pouco mais do que fizemos nas Eliminat\u00f3rias e fazer mais defini\u00e7\u00f5es para o Mundial&#8221;,\u00a0<\/strong>declarou Serginho, concentrado com seus comandados; ser\u00e3o pelo menos 10 dias de trabalhos juntamente com os atletas brasileiros, visando a Copa do Mundo, que acontecer\u00e1 em setembro, na Col\u00f4mbia.<br \/>\nDiante da equipe argentina, os amistosos do Brasil ocorrer\u00e3o nos dias 25\/07, em Fraiburgo-SC, 27\/07, na cidade de Seara-SC, 28\/07, no munic\u00edpio de Joa\u00e7aba-SC, e por fim, 31\/07, em Jaragu\u00e1 do Sul-SC.<\/p>\n<div class=\"post_content\">\n<strong>Confira abaixo a lista de convocados para os cl\u00e1ssicos contra a Argentina: \u00a0\u00a0<\/strong><br \/>\n<strong>Goleiros &#8211;<\/strong> Tiago (Sorocaba-SP), Guitta (Corinthians-SP) e Gian (Orl\u00e2ndia-SP);<br \/>\n<strong>Fixos &#8211;<\/strong> Rodrigo (Sorocaba-SP), Ci\u00e7o (Minas-MG) e Rafael Rato (InterMovistar-ESP);<br \/>\n<strong>Alas &#8211;<\/strong> Ari (Dinamo-RUS), Bateria (Barcelona-ESP), Xuxa &#8211; (Joinville-SC), Jackson (Orl\u00e2ndia-SP), Daniel (InterMovistar-ESP) e Cabre\u00fava (Orl\u00e2ndia-SP);<br \/>\n<strong>Piv\u00f4s &#8211;<\/strong> J\u00e9 (ElPozo-ESP), Fernandinho (Dinamo-RUS) e Ferr\u00e3o (Barcelona-ESP).<br \/>\n&nbsp;<br \/>\nPor Assessoria FPFS<br \/>\nCom informa\u00e7\u00f5es: Liga Nacional de Futsal (LNF)<br \/>\nFoto: Divulga\u00e7\u00e3o\/ Luis Domingues\/CBFS<\/p>\n<div class=\"clear\"><\/div>\n<\/div>\n<div class=\"post_meta meta_type_line\"><\/div>\n","protected":false},"excerpt":{"rendered":"<p>&nbsp; Comandada pelo t\u00e9cnico Serginho Schiochet, ex-Sorocaba, a Sele\u00e7\u00e3o Brasileira de Futsal iniciou, na \u00faltima quinta-feira (21), os treinos com<\/p>\n","protected":false},"author":1,"featured_media":12244,"comment_status":"closed","ping_status":"open","sticky":false,"template":"","format":"standard","meta":{"footnotes":""},"categories":[25,32,35],"tags":[266,401,419,940,1116,1314,1424,1825,2175,2218,2239,2270,2322,2491],"class_list":["post-12242","post","type-post","status-publish","format-standard","has-post-thumbnail","hentry","category-destaques","category-maiores","category-selecao","tag-argentina","tag-bola","tag-brasil","tag-entrevista","tag-fraiburgo","tag-inicio","tag-jogos","tag-partidas","tag-santa-catarina","tag-schiochet","tag-selecao","tag-serginho","tag-sonora","tag-treinos"],"_links":{"self":[{"href":"https:\/\/www.federacaopaulistadefutsal.com.br\/novo\/wp-json\/wp\/v2\/posts\/12242","targetHints":{"allow":["GET"]}}],"collection":[{"href":"https:\/\/www.federacaopaulistadefutsal.com.br\/novo\/wp-json\/wp\/v2\/posts"}],"about":[{"href":"https:\/\/www.federacaopaulistadefutsal.com.br\/novo\/wp-json\/wp\/v2\/types\/post"}],"author":[{"embeddable":true,"href":"https:\/\/www.federacaopaulistadefutsal.com.br\/novo\/wp-json\/wp\/v2\/users\/1"}],"replies":[{"embeddable":true,"href":"https:\/\/www.federacaopaulistadefutsal.com.br\/novo\/wp-json\/wp\/v2\/comments?post=12242"}],"version-history":[{"count":0,"href":"https:\/\/www.federacaopaulistadefutsal.com.br\/novo\/wp-json\/wp\/v2\/posts\/12242\/revisions"}],"wp:featuredmedia":[{"embeddable":true,"href":"https:\/\/www.federacaopaulistadefutsal.com.br\/novo\/wp-json\/"}],"wp:attachment":[{"href":"https:\/\/www.federacaopaulistadefutsal.com.br\/novo\/wp-json\/wp\/v2\/media?parent=12242"}],"wp:term":[{"taxonomy":"category","embeddable":true,"href":"https:\/\/www.federacaopaulistadefutsal.com.br\/novo\/wp-json\/wp\/v2\/categories?post=12242"},{"taxonomy":"post_tag","embeddable":true,"href":"https:\/\/www.federacaopaulistadefutsal.com.br\/novo\/wp-json\/wp\/v2\/tags?post=12242"}],"curies":[{"name":"wp","href":"https:\/\/api.w.org\/{rel}","templated":true}]}}