{"id":12270,"date":"2016-07-24T21:14:13","date_gmt":"2016-07-24T21:14:13","guid":{"rendered":"http:\/\/www.federacaopaulistadefutsal.com.br\/?p=12270"},"modified":"2016-07-24T21:14:13","modified_gmt":"2016-07-24T21:14:13","slug":"ala-do-orlandia-gadeia-substitui-companheiro-de-time-na-selecao","status":"publish","type":"post","link":"https:\/\/www.federacaopaulistadefutsal.com.br\/novo\/ala-do-orlandia-gadeia-substitui-companheiro-de-time-na-selecao\/","title":{"rendered":"Ala do Orl\u00e2ndia, Gadeia substitui companheiro de time na Sele\u00e7\u00e3o"},"content":{"rendered":"<p>&nbsp;<br \/>\nAla do Orl\u00e2ndia, Jackson, que sofreu tor\u00e7\u00e3o no tornozelo, estar\u00e1 fora dos amistosos da Sele\u00e7\u00e3o Brasileira de Futsal contra a Argentina. Para o lugar do jogador, conhecido como &#8220;Samurai&#8221;, entrar\u00e1 seu companheiro de time, Gadeia, convocado pelo t\u00e9cnico Serginho Schiochet para vestir a camisa verde e amarela.<br \/>\nO atleta da equipe orlandina j\u00e1 treinou no \u00faltimo s\u00e1bado (23), juntamente com os demais selecion\u00e1veis. Jackson, por sua vez, segue se recuperando, e realizando tratamento intensivo al\u00e9m das quatro linhas, coordenado pelo fisioterapeuta Kl\u00e9ber Barb\u00e3o, do Brasil, tem demonstrado melhoras em rela\u00e7\u00e3o \u00e0 les\u00e3o.<br \/>\nDiante do time argentino, os amistosos da Sele\u00e7\u00e3o ocorrer\u00e3o nos dias 25\/07, em Fraiburgo-SC, 27\/07, na cidade de Seara-SC, 28\/07, no munic\u00edpio de Joa\u00e7aba-SC, e por fim, 31\/07, em Jaragu\u00e1 do Sul-SC.<br \/>\n<strong>Confira abaixo a lista de convocados para os cl\u00e1ssicos: \u00a0 \u00a0 \u00a0\u00a0<\/strong><br \/>\n<strong>Goleiros &#8211;<\/strong> Tiago (Sorocaba-SP), Guitta (Corinthians-SP) e Gian (Orl\u00e2ndia-SP);<br \/>\n<strong>Fixos &#8211;<\/strong> Rodrigo (Sorocaba-SP), Ci\u00e7o (Minas-MG) e Rafael Rato (InterMovistar-ESP);<br \/>\n<strong>Alas &#8211;<\/strong> Ari (Dinamo-RUS), Bateria (Barcelona-ESP), Xuxa &#8211; (Joinville-SC), <strong>Gadeia<\/strong> (Orl\u00e2ndia-SP), Daniel (InterMovistar-ESP) e Cabre\u00fava (Orl\u00e2ndia-SP);<br \/>\n<strong>Piv\u00f4s &#8211;<\/strong> J\u00e9 (ElPozo-ESP), Fernandinho (Dinamo-RUS) e Ferr\u00e3o (Barcelona-ESP).<br \/>\n&nbsp;<br \/>\nPor Assessoria FPFS<br \/>\nCom informa\u00e7\u00f5es: CBFS<br \/>\nFoto: Divulga\u00e7\u00e3o\/ Luis Domingues\/CBFS<\/p>\n","protected":false},"excerpt":{"rendered":"<p>&nbsp; Ala do Orl\u00e2ndia, Jackson, que sofreu tor\u00e7\u00e3o no tornozelo, estar\u00e1 fora dos amistosos da Sele\u00e7\u00e3o Brasileira de Futsal contra<\/p>\n","protected":false},"author":1,"featured_media":12272,"comment_status":"closed","ping_status":"open","sticky":false,"template":"","format":"standard","meta":{"footnotes":""},"categories":[25,32,35],"tags":[193,219,308,310,419,425,696,1163,1383,1409,1789,1791,2170,2239,2357],"class_list":["post-12270","post","type-post","status-publish","format-standard","has-post-thumbnail","hentry","category-destaques","category-maiores","category-selecao","tag-alas","tag-amistosos","tag-atleta","tag-atletas","tag-brasil","tag-brasileiros","tag-convocacao","tag-gadeia","tag-jackson","tag-jogador","tag-orlandia","tag-orlandinos","tag-samurai","tag-selecao","tag-substituicao"],"_links":{"self":[{"href":"https:\/\/www.federacaopaulistadefutsal.com.br\/novo\/wp-json\/wp\/v2\/posts\/12270","targetHints":{"allow":["GET"]}}],"collection":[{"href":"https:\/\/www.federacaopaulistadefutsal.com.br\/novo\/wp-json\/wp\/v2\/posts"}],"about":[{"href":"https:\/\/www.federacaopaulistadefutsal.com.br\/novo\/wp-json\/wp\/v2\/types\/post"}],"author":[{"embeddable":true,"href":"https:\/\/www.federacaopaulistadefutsal.com.br\/novo\/wp-json\/wp\/v2\/users\/1"}],"replies":[{"embeddable":true,"href":"https:\/\/www.federacaopaulistadefutsal.com.br\/novo\/wp-json\/wp\/v2\/comments?post=12270"}],"version-history":[{"count":0,"href":"https:\/\/www.federacaopaulistadefutsal.com.br\/novo\/wp-json\/wp\/v2\/posts\/12270\/revisions"}],"wp:featuredmedia":[{"embeddable":true,"href":"https:\/\/www.federacaopaulistadefutsal.com.br\/novo\/wp-json\/"}],"wp:attachment":[{"href":"https:\/\/www.federacaopaulistadefutsal.com.br\/novo\/wp-json\/wp\/v2\/media?parent=12270"}],"wp:term":[{"taxonomy":"category","embeddable":true,"href":"https:\/\/www.federacaopaulistadefutsal.com.br\/novo\/wp-json\/wp\/v2\/categories?post=12270"},{"taxonomy":"post_tag","embeddable":true,"href":"https:\/\/www.federacaopaulistadefutsal.com.br\/novo\/wp-json\/wp\/v2\/tags?post=12270"}],"curies":[{"name":"wp","href":"https:\/\/api.w.org\/{rel}","templated":true}]}}