{"id":12284,"date":"2016-07-25T11:26:14","date_gmt":"2016-07-25T11:26:14","guid":{"rendered":"http:\/\/www.federacaopaulistadefutsal.com.br\/?p=12284"},"modified":"2016-07-25T11:26:14","modified_gmt":"2016-07-25T11:26:14","slug":"apos-saida-da-lpf-sao-jose-estreia-com-vitoria-nos-jogos-regionais","status":"publish","type":"post","link":"https:\/\/www.federacaopaulistadefutsal.com.br\/novo\/apos-saida-da-lpf-sao-jose-estreia-com-vitoria-nos-jogos-regionais\/","title":{"rendered":"Ap\u00f3s sa\u00edda da LPF, S\u00e3o Jos\u00e9 estreia com vit\u00f3ria nos Jogos Regionais"},"content":{"rendered":"<p>&nbsp;<br \/>\nAp\u00f3s sa\u00edda nas quartas de final da Liga Paulista diante da A.D. Yoka, o S\u00e3o Jos\u00e9 Futsal j\u00e1 retornou \u00e0s quadras, e pelos Jogos Regionais, na cidade de Caraguatatuba-SP. No \u00faltimo domingo (24), em estreia na competi\u00e7\u00e3o, o time joseense, comandado pelo t\u00e9cnico Lucas Chioro, venceu Lorena por goleada de 4 a 1.<br \/>\nOs gols da equipe do Vale do Para\u00edba foram &#8220;anotados&#8221; por Raul, que balan\u00e7ou o &#8220;barbante&#8221; duas vezes, Wilsinho e Vin\u00edcius. Todos os tentos do time azul e amarelo aconteceram na segunda etapa do confronto.<br \/>\nAgora, o S\u00e3o Jos\u00e9 medir\u00e1 for\u00e7as com o Taubat\u00e9 pela segunda e \u00faltima rodada dos Jogos Regionais. O duelo entre os rivais est\u00e1 marcado para acontecer na pr\u00f3xima ter\u00e7a-feira (26).<br \/>\n&nbsp;<br \/>\nPor Assessoria FPFS<br \/>\nCom informa\u00e7\u00f5es: S\u00e3o Jos\u00e9 Futsal<br \/>\nFoto: Divulga\u00e7\u00e3o\/Quarttus Marketing<br \/>\n&nbsp;<br \/>\n&nbsp;<\/p>\n","protected":false},"excerpt":{"rendered":"<p>&nbsp; Ap\u00f3s sa\u00edda nas quartas de final da Liga Paulista diante da A.D. Yoka, o S\u00e3o Jos\u00e9 Futsal j\u00e1 retornou<\/p>\n","protected":false},"author":1,"featured_media":12286,"comment_status":"closed","ping_status":"open","sticky":false,"template":"","format":"standard","meta":{"footnotes":""},"categories":[29,32],"tags":[515,648,987,1201,1334,1437,1447,1525,1553,1556,1575,2017,2163,2198,2548,2603],"class_list":["post-12284","post","type-post","status-publish","format-standard","has-post-thumbnail","hentry","category-interior","category-maiores","tag-caraguatatuba","tag-competicao","tag-estreia","tag-goleada","tag-interior","tag-jogos-regionais","tag-joseenses","tag-liga-paulista","tag-lorena","tag-lpf","tag-maiores","tag-quatro","tag-saida","tag-sao-jose","tag-vale-do-paraiba","tag-vitoria"],"_links":{"self":[{"href":"https:\/\/www.federacaopaulistadefutsal.com.br\/novo\/wp-json\/wp\/v2\/posts\/12284","targetHints":{"allow":["GET"]}}],"collection":[{"href":"https:\/\/www.federacaopaulistadefutsal.com.br\/novo\/wp-json\/wp\/v2\/posts"}],"about":[{"href":"https:\/\/www.federacaopaulistadefutsal.com.br\/novo\/wp-json\/wp\/v2\/types\/post"}],"author":[{"embeddable":true,"href":"https:\/\/www.federacaopaulistadefutsal.com.br\/novo\/wp-json\/wp\/v2\/users\/1"}],"replies":[{"embeddable":true,"href":"https:\/\/www.federacaopaulistadefutsal.com.br\/novo\/wp-json\/wp\/v2\/comments?post=12284"}],"version-history":[{"count":0,"href":"https:\/\/www.federacaopaulistadefutsal.com.br\/novo\/wp-json\/wp\/v2\/posts\/12284\/revisions"}],"wp:featuredmedia":[{"embeddable":true,"href":"https:\/\/www.federacaopaulistadefutsal.com.br\/novo\/wp-json\/"}],"wp:attachment":[{"href":"https:\/\/www.federacaopaulistadefutsal.com.br\/novo\/wp-json\/wp\/v2\/media?parent=12284"}],"wp:term":[{"taxonomy":"category","embeddable":true,"href":"https:\/\/www.federacaopaulistadefutsal.com.br\/novo\/wp-json\/wp\/v2\/categories?post=12284"},{"taxonomy":"post_tag","embeddable":true,"href":"https:\/\/www.federacaopaulistadefutsal.com.br\/novo\/wp-json\/wp\/v2\/tags?post=12284"}],"curies":[{"name":"wp","href":"https:\/\/api.w.org\/{rel}","templated":true}]}}