{"id":12287,"date":"2016-07-25T12:00:42","date_gmt":"2016-07-25T12:00:42","guid":{"rendered":"http:\/\/www.federacaopaulistadefutsal.com.br\/?p=12287"},"modified":"2016-07-25T12:00:42","modified_gmt":"2016-07-25T12:00:42","slug":"em-fraiburgo-sc-selecao-brasileira-inicia-classicos-contra-argentina","status":"publish","type":"post","link":"https:\/\/www.federacaopaulistadefutsal.com.br\/novo\/em-fraiburgo-sc-selecao-brasileira-inicia-classicos-contra-argentina\/","title":{"rendered":"Em Fraiburgo-SC, Sele\u00e7\u00e3o Brasileira inicia cl\u00e1ssicos contra Argentina"},"content":{"rendered":"<p>&nbsp;<br \/>\nNesta segunda-feira (25), a Sele\u00e7\u00e3o Brasileira de Futsal, comandada pelo t\u00e9cnico Serginho Schiochet, inicia sua s\u00e9rie de amistosos contra a Argentina. A primeira partida, visando a prepara\u00e7\u00e3o do Brasil para a Copa Mundo, est\u00e1 marcada para acontecer \u00e0s 21h00, na cidade de Fraiburgo, em Santa Catarina.<br \/>\nRecentemente, no dia 08 de maio, em cl\u00e1ssico v\u00e1lido pela grande final do Sul-Americano, o time brasileiro bateu o argentino por goleada de 6 a 2, sagrando-se campe\u00e3o, no\u00a0Centro Ol\u00edmpico Engenheiro Wagner do Nascimento, em Uberaba-MG. Os gols da vit\u00f3ria &#8220;el\u00e1stica&#8221; da equipe verde e amarela foram marcados por Pixote (3), Cabre\u00fava (2) e Xuxa; Dami\u00e1n &#8220;anotou&#8221; para os &#8220;Hermanos&#8221;.<br \/>\nDiante do time argentino, os amistosos da Sele\u00e7\u00e3o ocorrer\u00e3o tamb\u00e9m em 27\/07, na cidade de Seara-SC, 28\/07, no munic\u00edpio de Joa\u00e7aba-SC, e por fim, 31\/07, em Jaragu\u00e1 do Sul-SC.<br \/>\n<strong>Confira abaixo a lista de convocados para os cl\u00e1ssicos: \u00a0 \u00a0 \u00a0 \u00a0<\/strong><br \/>\n<strong>Goleiros &#8211;<\/strong> Tiago (Sorocaba-SP), Guitta (Corinthians-SP) e Gian (Orl\u00e2ndia-SP);<br \/>\n<strong>Fixos &#8211;<\/strong> Rodrigo (Sorocaba-SP), Ci\u00e7o (Minas-MG) e Rafael Rato (InterMovistar-ESP);<br \/>\n<strong>Alas &#8211;<\/strong> Ari (Dinamo-RUS), Bateria (Barcelona-ESP), Xuxa &#8211; (Joinville-SC), Gadeia\u00a0(Orl\u00e2ndia-SP), Daniel (InterMovistar-ESP) e Cabre\u00fava (Orl\u00e2ndia-SP);<br \/>\n<strong>Piv\u00f4s &#8211;<\/strong> J\u00e9 (ElPozo-ESP), Fernandinho (Dinamo-RUS) e Ferr\u00e3o (Barcelona-ESP).<br \/>\n&nbsp;<br \/>\nPor Assessoria FPFS<br \/>\nFoto: Divulga\u00e7\u00e3o\/ Luis Domingues\/CBFS<br \/>\n&nbsp;<\/p>\n","protected":false},"excerpt":{"rendered":"<p>&nbsp; Nesta segunda-feira (25), a Sele\u00e7\u00e3o Brasileira de Futsal, comandada pelo t\u00e9cnico Serginho Schiochet, inicia sua s\u00e9rie de amistosos contra<\/p>\n","protected":false},"author":1,"featured_media":12289,"comment_status":"closed","ping_status":"open","sticky":false,"template":"","format":"standard","meta":{"footnotes":""},"categories":[25,32,35],"tags":[219,266,267,419,609,696,1424,1948,2175,2239,2491],"class_list":["post-12287","post","type-post","status-publish","format-standard","has-post-thumbnail","hentry","category-destaques","category-maiores","category-selecao","tag-amistosos","tag-argentina","tag-argentinos","tag-brasil","tag-classicos","tag-convocacao","tag-jogos","tag-preparacao","tag-santa-catarina","tag-selecao","tag-treinos"],"_links":{"self":[{"href":"https:\/\/www.federacaopaulistadefutsal.com.br\/novo\/wp-json\/wp\/v2\/posts\/12287","targetHints":{"allow":["GET"]}}],"collection":[{"href":"https:\/\/www.federacaopaulistadefutsal.com.br\/novo\/wp-json\/wp\/v2\/posts"}],"about":[{"href":"https:\/\/www.federacaopaulistadefutsal.com.br\/novo\/wp-json\/wp\/v2\/types\/post"}],"author":[{"embeddable":true,"href":"https:\/\/www.federacaopaulistadefutsal.com.br\/novo\/wp-json\/wp\/v2\/users\/1"}],"replies":[{"embeddable":true,"href":"https:\/\/www.federacaopaulistadefutsal.com.br\/novo\/wp-json\/wp\/v2\/comments?post=12287"}],"version-history":[{"count":0,"href":"https:\/\/www.federacaopaulistadefutsal.com.br\/novo\/wp-json\/wp\/v2\/posts\/12287\/revisions"}],"wp:featuredmedia":[{"embeddable":true,"href":"https:\/\/www.federacaopaulistadefutsal.com.br\/novo\/wp-json\/"}],"wp:attachment":[{"href":"https:\/\/www.federacaopaulistadefutsal.com.br\/novo\/wp-json\/wp\/v2\/media?parent=12287"}],"wp:term":[{"taxonomy":"category","embeddable":true,"href":"https:\/\/www.federacaopaulistadefutsal.com.br\/novo\/wp-json\/wp\/v2\/categories?post=12287"},{"taxonomy":"post_tag","embeddable":true,"href":"https:\/\/www.federacaopaulistadefutsal.com.br\/novo\/wp-json\/wp\/v2\/tags?post=12287"}],"curies":[{"name":"wp","href":"https:\/\/api.w.org\/{rel}","templated":true}]}}