{"id":12352,"date":"2016-07-26T21:01:28","date_gmt":"2016-07-26T21:01:28","guid":{"rendered":"http:\/\/www.federacaopaulistadefutsal.com.br\/?p=12352"},"modified":"2016-07-26T21:01:28","modified_gmt":"2016-07-26T21:01:28","slug":"ex-sao-jose-pivo-willian-carioca-busca-nova-equipe-nas-quadras","status":"publish","type":"post","link":"https:\/\/www.federacaopaulistadefutsal.com.br\/novo\/ex-sao-jose-pivo-willian-carioca-busca-nova-equipe-nas-quadras\/","title":{"rendered":"Ex-S\u00e3o Jos\u00e9, piv\u00f4 Willian Carioca busca nova equipe nas quadras"},"content":{"rendered":"<p>&nbsp;<br \/>\nCom passagens por times do futsal paulista como o Jacare\u00ed, Willian Carioca, piv\u00f4 nas quadras, oficialmente se desligou do S\u00e3o Jos\u00e9. O ex-jogador da equipe do Vale do Para\u00edba, de 26 anos, agora, est\u00e1 em busca de novo contrato para poder mostrar sua habilidade nas quatro linhas.<br \/>\nO atleta, que chegou a defender o clube joseense nas atuais edi\u00e7\u00f5es das ligas Paulista e Nacional, tamb\u00e9m vestiu as camisas dos seguintes times: Vasco da Gama (RJ), em 2011, Jacare\u00ed, na temporada 2012, Rio do Sul (SC), no ano de 2013, Carlos Barbosa (RS), em 2014, e por fim, Floripa Futsal, em 2015.<br \/>\nPara os clubes interessados pelo futsal do jogador, ele disponibilizou o seguinte telefone para contato: (12)\u00a098160-6195,\u00a0(21) 99847-4013 e\u00a0(21) 3281-7616<em>.<\/em><br \/>\n&nbsp;<br \/>\nPor Assessoria FPFS<br \/>\nCom informa\u00e7\u00f5es: Futsal em Pauta<br \/>\nFoto: Divulga\u00e7\u00e3o\/Quarttus Marketing<\/p>\n","protected":false},"excerpt":{"rendered":"<p>&nbsp; Com passagens por times do futsal paulista como o Jacare\u00ed, Willian Carioca, piv\u00f4 nas quadras, oficialmente se desligou do<\/p>\n","protected":false},"author":1,"featured_media":12353,"comment_status":"closed","ping_status":"open","sticky":false,"template":"","format":"standard","meta":{"footnotes":""},"categories":[29,32],"tags":[308,520,691,947,1151,1409,1447,1645,1739,1779,2198,2459,2619],"class_list":["post-12352","post","type-post","status-publish","format-standard","has-post-thumbnail","hentry","category-interior","category-maiores","tag-atleta","tag-carioca","tag-contrato","tag-equipe","tag-futsal-paulista","tag-jogador","tag-joseenses","tag-mercado","tag-nova","tag-oportunidade","tag-sao-jose","tag-time","tag-willian"],"_links":{"self":[{"href":"https:\/\/www.federacaopaulistadefutsal.com.br\/novo\/wp-json\/wp\/v2\/posts\/12352","targetHints":{"allow":["GET"]}}],"collection":[{"href":"https:\/\/www.federacaopaulistadefutsal.com.br\/novo\/wp-json\/wp\/v2\/posts"}],"about":[{"href":"https:\/\/www.federacaopaulistadefutsal.com.br\/novo\/wp-json\/wp\/v2\/types\/post"}],"author":[{"embeddable":true,"href":"https:\/\/www.federacaopaulistadefutsal.com.br\/novo\/wp-json\/wp\/v2\/users\/1"}],"replies":[{"embeddable":true,"href":"https:\/\/www.federacaopaulistadefutsal.com.br\/novo\/wp-json\/wp\/v2\/comments?post=12352"}],"version-history":[{"count":0,"href":"https:\/\/www.federacaopaulistadefutsal.com.br\/novo\/wp-json\/wp\/v2\/posts\/12352\/revisions"}],"wp:featuredmedia":[{"embeddable":true,"href":"https:\/\/www.federacaopaulistadefutsal.com.br\/novo\/wp-json\/"}],"wp:attachment":[{"href":"https:\/\/www.federacaopaulistadefutsal.com.br\/novo\/wp-json\/wp\/v2\/media?parent=12352"}],"wp:term":[{"taxonomy":"category","embeddable":true,"href":"https:\/\/www.federacaopaulistadefutsal.com.br\/novo\/wp-json\/wp\/v2\/categories?post=12352"},{"taxonomy":"post_tag","embeddable":true,"href":"https:\/\/www.federacaopaulistadefutsal.com.br\/novo\/wp-json\/wp\/v2\/tags?post=12352"}],"curies":[{"name":"wp","href":"https:\/\/api.w.org\/{rel}","templated":true}]}}