{"id":12362,"date":"2016-07-27T09:40:36","date_gmt":"2016-07-27T09:40:36","guid":{"rendered":"http:\/\/www.federacaopaulistadefutsal.com.br\/?p=12362"},"modified":"2016-07-27T09:40:36","modified_gmt":"2016-07-27T09:40:36","slug":"jogador-das-traves-daniel-se-despede-do-pulo-e-acerta-com-tchecos","status":"publish","type":"post","link":"https:\/\/www.federacaopaulistadefutsal.com.br\/novo\/jogador-das-traves-daniel-se-despede-do-pulo-e-acerta-com-tchecos\/","title":{"rendered":"Jogador das traves, Daniel se despede do Pulo e acerta com tchecos"},"content":{"rendered":"<p>&nbsp;<br \/>\nAp\u00f3s vencer os Jogos Regionais juntamente com o Pulo do Gato, de Campinas-SP, o goleiro Daniel defender\u00e1 as traves de nova equipe no restante da temporada. O arqueiro, que tamb\u00e9m vestiu a camisa do time campineiro na disputa da Liga Paulista, agora \u00e9 jogador do Benago Futsal, da Rep\u00fablica Tcheca.<br \/>\nO atleta, de 21 anos, que jogou mais de 150 confrontos com a equipe aurinegra, se despediu de seus companheiros na \u00faltima ter\u00e7a-feira (26), em festa de comemora\u00e7\u00e3o ao t\u00edtulo da competi\u00e7\u00e3o interiorana. Agradecendo \u00e0 torcida gatense e ao Pulo, Daniel declarou o seguinte: <strong>&#8220;Saio com a cabe\u00e7a erguida, pois conseguimos um importante t\u00edtulo nessa semana. Quero agradecer a cada incentivo que recebi do torcedor desde meu primeiro dia aqui. Antes do Pulo, eu estava desempregado, e o Jeffo acreditou no meu futebol. Sou grato por tudo que passei, porque aqui aprendi valores que levarei sempre comigo&#8221;,<\/strong> disse.<br \/>\n<strong>&#8220;Passamos por muitas coisas nesse tempo que estive aqui, e s\u00f3 n\u00f3s sabemos o quanto somos unidos. No Pulo do Gato um corre pelo outro, e o clima de amizade sempre prevalece. Vou sentir falta e isso \u00e9 apenas um at\u00e9 logo. Espero, no futuro, voltar a vestir essa camisa. Desejo boa sorte aos meus companheiros no restante do ano, e, mais uma vez, agrade\u00e7o a todos aqueles que acreditaram no meu trabalho, principalmente nosso t\u00e9cnico, Jeffo&#8221;,\u00a0<\/strong>finalizou o goleiro, que n\u00e3o descartou a possibilidade de um dia retornar ao time de Campinas-SP.<br \/>\nPresidente e t\u00e9cnico do Pulo, Jefferson Novaes declarou o seguinte ao goleiro em sua despedida: <strong>&#8220;Desejamos toda sorte a voc\u00ea, e ficamos na torcida para que trilhe seu caminho da melhor maneira poss\u00edvel. Esteja certo que nossas portas est\u00e3o abertas, e ficamos felizes, pois quando um jogador sai dessa maneira de um clube, \u00e9 muito positivo&#8221;,\u00a0<\/strong>disse o &#8220;popular&#8221; Jeffo.<br \/>\n&nbsp;<br \/>\nPor Assessoria FPFS<br \/>\nCom informa\u00e7\u00f5es: Rafael Del Giudice\/Ag\u00eancia Pulo<br \/>\nImagem: Divulga\u00e7\u00e3o\/ Andr\u00e9 Montejano\/Ag\u00eancia Pulo<\/p>\n","protected":false},"excerpt":{"rendered":"<p>&nbsp; Ap\u00f3s vencer os Jogos Regionais juntamente com o Pulo do Gato, de Campinas-SP, o goleiro Daniel defender\u00e1 as traves<\/p>\n","protected":false},"author":1,"featured_media":12364,"comment_status":"closed","ping_status":"open","sticky":false,"template":"","format":"standard","meta":{"footnotes":""},"categories":[29,32],"tags":[271,308,469,494,497,940,1176,1205,1334,1409,1645,1719,1999,2163,2323,2482],"class_list":["post-12362","post","type-post","status-publish","format-standard","has-post-thumbnail","hentry","category-interior","category-maiores","tag-arqueiro","tag-atleta","tag-campeao","tag-campinas","tag-campineiros","tag-entrevista","tag-gatenses","tag-goleiro","tag-interior","tag-jogador","tag-mercado","tag-negociacoes","tag-pulo-do-gato","tag-saida","tag-sonoras","tag-traves"],"_links":{"self":[{"href":"https:\/\/www.federacaopaulistadefutsal.com.br\/novo\/wp-json\/wp\/v2\/posts\/12362","targetHints":{"allow":["GET"]}}],"collection":[{"href":"https:\/\/www.federacaopaulistadefutsal.com.br\/novo\/wp-json\/wp\/v2\/posts"}],"about":[{"href":"https:\/\/www.federacaopaulistadefutsal.com.br\/novo\/wp-json\/wp\/v2\/types\/post"}],"author":[{"embeddable":true,"href":"https:\/\/www.federacaopaulistadefutsal.com.br\/novo\/wp-json\/wp\/v2\/users\/1"}],"replies":[{"embeddable":true,"href":"https:\/\/www.federacaopaulistadefutsal.com.br\/novo\/wp-json\/wp\/v2\/comments?post=12362"}],"version-history":[{"count":0,"href":"https:\/\/www.federacaopaulistadefutsal.com.br\/novo\/wp-json\/wp\/v2\/posts\/12362\/revisions"}],"wp:featuredmedia":[{"embeddable":true,"href":"https:\/\/www.federacaopaulistadefutsal.com.br\/novo\/wp-json\/"}],"wp:attachment":[{"href":"https:\/\/www.federacaopaulistadefutsal.com.br\/novo\/wp-json\/wp\/v2\/media?parent=12362"}],"wp:term":[{"taxonomy":"category","embeddable":true,"href":"https:\/\/www.federacaopaulistadefutsal.com.br\/novo\/wp-json\/wp\/v2\/categories?post=12362"},{"taxonomy":"post_tag","embeddable":true,"href":"https:\/\/www.federacaopaulistadefutsal.com.br\/novo\/wp-json\/wp\/v2\/tags?post=12362"}],"curies":[{"name":"wp","href":"https:\/\/api.w.org\/{rel}","templated":true}]}}