{"id":12390,"date":"2016-07-28T15:00:16","date_gmt":"2016-07-28T15:00:16","guid":{"rendered":"http:\/\/www.federacaopaulistadefutsal.com.br\/?p=12390"},"modified":"2016-07-28T15:00:16","modified_gmt":"2016-07-28T15:00:16","slug":"taubate-vence-guararema-e-avanca-nos-jogos-regionais-de-caragua","status":"publish","type":"post","link":"https:\/\/www.federacaopaulistadefutsal.com.br\/novo\/taubate-vence-guararema-e-avanca-nos-jogos-regionais-de-caragua\/","title":{"rendered":"Taubat\u00e9 vence Guararema e avan\u00e7a nos Jogos Regionais de &quot;Caragu\u00e1&quot;"},"content":{"rendered":"<p>&nbsp;<br \/>\nPelas quartas de final nos Jogos Regionais de Caraguatatuba-SP, na \u00faltima quarta-feira (27), o Taubat\u00e9 Futsal encarou Guararema. Em duelo equilibrado nas quatro linhas, o time taubateano levou a melhor, e batendo o advers\u00e1rio pelo placar de 3 a 2, se garantiu na pr\u00f3xima fase da competi\u00e7\u00e3o.<br \/>\nOs gols da equipe do Vale do Para\u00edba foram marcados pelos seguintes jogadores: Felipe, Joj\u00f4 e Andrew. Tentos que, para o t\u00e9cnico Bruno Zuchinalli, n\u00e3o d\u00e3o apenas a oportunidade de classifica\u00e7\u00e3o, mas principalmente da equipe azul &#8220;brigar&#8221; pelo t\u00edtulo: <strong>&#8220;Enfrentamos um advers\u00e1rio experiente e a quadra lisa dificultou para os dois lados. O mais importante foi ter sa\u00eddo com a vit\u00f3ria e dar continuidade na nossa caminhada rumo ao tricampeonato&#8221;,<\/strong> declarou o treinador.<br \/>\nAgora, o Taubat\u00e9 medir\u00e1 for\u00e7as com a A.D. Yoka, de Guaratinguet\u00e1-SP, na semifinal dos Jogos Regionais. O cl\u00e1ssico entre os times do Vale est\u00e1 marcado para acontecer nesta quinta-feira (28), \u00e0s 16h00, na Olaria; Jacare\u00ed e Gr\u00eamio Mogiano fazem o outro confronto nos mata-matas.<br \/>\n<strong>&#8220;\u00c9 cl\u00e1ssico contra um clube tradicional que vem muito bem na Liga Paulista. Por se tratar dos Regionais, sabemos da nossa responsabilidade e \u00e9 um torneio diferente. N\u00e3o podemos errar e todo detalhe far\u00e1 diferen\u00e7a. Confio no meu grupo e vamos focados para o jogo&#8221;,<\/strong> finalizou Zuchinalli.<br \/>\n&nbsp;<br \/>\nPor Assessoria FPFS<br \/>\nCom informa\u00e7\u00f5es: Top 10 Comunica\u00e7\u00e3o<br \/>\nFoto: Divulga\u00e7\u00e3o\/ Jonas Barbetta\/Top 10 Comunica\u00e7\u00e3o<br \/>\n&nbsp;<\/p>\n","protected":false},"excerpt":{"rendered":"<p>&nbsp; Pelas quartas de final nos Jogos Regionais de Caraguatatuba-SP, na \u00faltima quarta-feira (27), o Taubat\u00e9 Futsal encarou Guararema. Em<\/p>\n","protected":false},"author":1,"featured_media":12392,"comment_status":"closed","ping_status":"open","sticky":false,"template":"","format":"standard","meta":{"footnotes":""},"categories":[29,32],"tags":[333,515,1239,1334,1437,2013,2414,2419,2548,2603],"class_list":["post-12390","post","type-post","status-publish","format-standard","has-post-thumbnail","hentry","category-interior","category-maiores","tag-avanca","tag-caraguatatuba","tag-guararema","tag-interior","tag-jogos-regionais","tag-quartas-de-final","tag-taubate","tag-taubateanos","tag-vale-do-paraiba","tag-vitoria"],"_links":{"self":[{"href":"https:\/\/www.federacaopaulistadefutsal.com.br\/novo\/wp-json\/wp\/v2\/posts\/12390","targetHints":{"allow":["GET"]}}],"collection":[{"href":"https:\/\/www.federacaopaulistadefutsal.com.br\/novo\/wp-json\/wp\/v2\/posts"}],"about":[{"href":"https:\/\/www.federacaopaulistadefutsal.com.br\/novo\/wp-json\/wp\/v2\/types\/post"}],"author":[{"embeddable":true,"href":"https:\/\/www.federacaopaulistadefutsal.com.br\/novo\/wp-json\/wp\/v2\/users\/1"}],"replies":[{"embeddable":true,"href":"https:\/\/www.federacaopaulistadefutsal.com.br\/novo\/wp-json\/wp\/v2\/comments?post=12390"}],"version-history":[{"count":0,"href":"https:\/\/www.federacaopaulistadefutsal.com.br\/novo\/wp-json\/wp\/v2\/posts\/12390\/revisions"}],"wp:featuredmedia":[{"embeddable":true,"href":"https:\/\/www.federacaopaulistadefutsal.com.br\/novo\/wp-json\/"}],"wp:attachment":[{"href":"https:\/\/www.federacaopaulistadefutsal.com.br\/novo\/wp-json\/wp\/v2\/media?parent=12390"}],"wp:term":[{"taxonomy":"category","embeddable":true,"href":"https:\/\/www.federacaopaulistadefutsal.com.br\/novo\/wp-json\/wp\/v2\/categories?post=12390"},{"taxonomy":"post_tag","embeddable":true,"href":"https:\/\/www.federacaopaulistadefutsal.com.br\/novo\/wp-json\/wp\/v2\/tags?post=12390"}],"curies":[{"name":"wp","href":"https:\/\/api.w.org\/{rel}","templated":true}]}}