{"id":12415,"date":"2016-07-29T10:20:42","date_gmt":"2016-07-29T10:20:42","guid":{"rendered":"http:\/\/www.federacaopaulistadefutsal.com.br\/?p=12415"},"modified":"2016-07-29T10:20:42","modified_gmt":"2016-07-29T10:20:42","slug":"reforco-em-quadra-pivo-betao-ja-treina-com-companheiros-de-orlandia","status":"publish","type":"post","link":"https:\/\/www.federacaopaulistadefutsal.com.br\/novo\/reforco-em-quadra-pivo-betao-ja-treina-com-companheiros-de-orlandia\/","title":{"rendered":"Refor\u00e7o em quadra, piv\u00f4 Bet\u00e3o j\u00e1 treina com companheiros de Orl\u00e2ndia"},"content":{"rendered":"<p>&nbsp;<br \/>\nRefor\u00e7o do Orl\u00e2ndia, do t\u00e9cnico Cid\u00e3o, para o restante da temporada, o piv\u00f4 Bet\u00e3o, desde a segunda-feira (25), segue &#8220;firme e forte&#8221; nos treinos junto com a equipe do interior. Aprovado nos exames m\u00e9dicos, o jogador, considerado &#8220;bem&#8221; fisicamente pela comiss\u00e3o t\u00e9cnica orlandina, deve estrear com a camisa gren\u00e1 nas pr\u00f3ximas semanas.<br \/>\nAntes de retornar ao Brasil, desta vez para defender o time paulista, o atleta das quadras jogou pelo Pescara, da It\u00e1lia, Lobelle e Inter\/Movistar, da Espanha, e por fim, Kairat, do futsal do Cazaquist\u00e3o. Al\u00e9m do Orl\u00e2ndia, no pa\u00eds, Bet\u00e3o entrou nas quatro linhas por Banespa, Carlos Barbosa (RS), Caxias do Sul (RS), Corinthians, GM e Sorocaba.<br \/>\nCampe\u00e3o da Copa do Mundo com a camisa da Sele\u00e7\u00e3o Brasileira em 2008, o jogador pode iniciar sua trajet\u00f3ria defendendo a equipe orlandina diante do Guarapuava, do Paran\u00e1, em duelo v\u00e1lido pela Liga Nacional. A partida entre os times paulista e paranaense est\u00e1 marcada para acontecer na pr\u00f3xima ter\u00e7a-feira (02), \u00e0s 20h15, no Joaquinz\u00e3o, casa dos guarapuavenses.<br \/>\n&nbsp;<br \/>\nPor Assessoria FPFS<br \/>\nCom informa\u00e7\u00f5es: Globo Esporte<br \/>\nFoto: Divulga\u00e7\u00e3o\/ Luan Amaral\/ADC Intelli<br \/>\n&nbsp;<\/p>\n","protected":false},"excerpt":{"rendered":"<p>&nbsp; Refor\u00e7o do Orl\u00e2ndia, do t\u00e9cnico Cid\u00e3o, para o restante da temporada, o piv\u00f4 Bet\u00e3o, desde a segunda-feira (25), segue<\/p>\n","protected":false},"author":1,"featured_media":12416,"comment_status":"closed","ping_status":"open","sticky":false,"template":"","format":"standard","meta":{"footnotes":""},"categories":[25,29,32],"tags":[308,385,689,1323,1334,1523,1546,1645,1719,1789,1791,1891,2062,2484,2491],"class_list":["post-12415","post","type-post","status-publish","format-standard","has-post-thumbnail","hentry","category-destaques","category-interior","category-maiores","tag-atleta","tag-betao","tag-contratacao","tag-intelli","tag-interior","tag-liga-nacional","tag-lnf","tag-mercado","tag-negociacoes","tag-orlandia","tag-orlandinos","tag-pivo","tag-reforco","tag-treina","tag-treinos"],"_links":{"self":[{"href":"https:\/\/www.federacaopaulistadefutsal.com.br\/novo\/wp-json\/wp\/v2\/posts\/12415","targetHints":{"allow":["GET"]}}],"collection":[{"href":"https:\/\/www.federacaopaulistadefutsal.com.br\/novo\/wp-json\/wp\/v2\/posts"}],"about":[{"href":"https:\/\/www.federacaopaulistadefutsal.com.br\/novo\/wp-json\/wp\/v2\/types\/post"}],"author":[{"embeddable":true,"href":"https:\/\/www.federacaopaulistadefutsal.com.br\/novo\/wp-json\/wp\/v2\/users\/1"}],"replies":[{"embeddable":true,"href":"https:\/\/www.federacaopaulistadefutsal.com.br\/novo\/wp-json\/wp\/v2\/comments?post=12415"}],"version-history":[{"count":0,"href":"https:\/\/www.federacaopaulistadefutsal.com.br\/novo\/wp-json\/wp\/v2\/posts\/12415\/revisions"}],"wp:featuredmedia":[{"embeddable":true,"href":"https:\/\/www.federacaopaulistadefutsal.com.br\/novo\/wp-json\/"}],"wp:attachment":[{"href":"https:\/\/www.federacaopaulistadefutsal.com.br\/novo\/wp-json\/wp\/v2\/media?parent=12415"}],"wp:term":[{"taxonomy":"category","embeddable":true,"href":"https:\/\/www.federacaopaulistadefutsal.com.br\/novo\/wp-json\/wp\/v2\/categories?post=12415"},{"taxonomy":"post_tag","embeddable":true,"href":"https:\/\/www.federacaopaulistadefutsal.com.br\/novo\/wp-json\/wp\/v2\/tags?post=12415"}],"curies":[{"name":"wp","href":"https:\/\/api.w.org\/{rel}","templated":true}]}}