{"id":12439,"date":"2016-07-30T11:18:26","date_gmt":"2016-07-30T11:18:26","guid":{"rendered":"http:\/\/www.federacaopaulistadefutsal.com.br\/?p=12439"},"modified":"2016-07-30T11:18:26","modified_gmt":"2016-07-30T11:18:26","slug":"em-joacaba-sc-selecao-vence-terceira-consecutiva-contra-argentina","status":"publish","type":"post","link":"https:\/\/www.federacaopaulistadefutsal.com.br\/novo\/em-joacaba-sc-selecao-vence-terceira-consecutiva-contra-argentina\/","title":{"rendered":"Em Joa\u00e7aba-SC, Sele\u00e7\u00e3o vence terceira consecutiva contra Argentina"},"content":{"rendered":"<p>&nbsp;<br \/>\nJogando no munic\u00edpio de Joa\u00e7aba-SC, na \u00faltima sexta-feira (29), a Sele\u00e7\u00e3o Brasileira de Futsal enfrentou a Argentina pela terceira vez no estado de Santa Catarina. Diante dos &#8220;Hermanos&#8221;, o time brasileiro, comandado pelo t\u00e9cnico Serginho Schiochet, venceu pelo placar de 3 a 0.<br \/>\nLogo aos 3 minutos do primeiro tempo, o Brasil tirou o zero do marcador, e com J\u00e9, que recebendo passe do ala Gadeia, finalizou com precis\u00e3o para o fundo da rede: 1 a 0. Faltando 60 segundos para o t\u00e9rmino da etapa inicial, a equipe verde e amarela fez o segundo: Rodrigo Hardy, o &#8220;Torpedo Humano&#8221;, em cobran\u00e7a de falta, soltou a &#8220;bomba&#8221;, balan\u00e7ando o &#8220;barbante&#8221; argentino.<br \/>\nE Jackson, o &#8220;Samurai&#8221;, pegou muito bem na bola, fechando o placar diante da torcida catarinense, que lotou as arquibancadas: 3 a 0. Com os tentos &#8220;anotados&#8221;, a Sele\u00e7\u00e3o Brasileira conseguiu sua terceira vit\u00f3ria consecutiva diante da Argentina, pois j\u00e1 a havia vencido por 3 a 1 e 4 a 0, respectivamente.<br \/>\nO quarto e \u00faltimo cl\u00e1ssico entre os times brasileiro e argentino est\u00e1 marcado para acontecer no pr\u00f3ximo domingo (31), a partir das 13h00, em Jaragu\u00e1 do Sul, &#8220;capital&#8221; do futsal de Santa Catarina.<br \/>\n&nbsp;<br \/>\nPor Assessoria FPFS<br \/>\nCom informa\u00e7\u00f5es: CBFS<br \/>\nFoto: Divulga\u00e7\u00e3o\/ Luis Domingues\/CBFS<\/p>\n","protected":false},"excerpt":{"rendered":"<p>&nbsp; Jogando no munic\u00edpio de Joa\u00e7aba-SC, na \u00faltima sexta-feira (29), a Sele\u00e7\u00e3o Brasileira de Futsal enfrentou a Argentina pela terceira<\/p>\n","protected":false},"author":1,"featured_media":12440,"comment_status":"closed","ping_status":"open","sticky":false,"template":"","format":"standard","meta":{"footnotes":""},"categories":[25,32,35],"tags":[219,266,267,419,425,542,608,1262,1402,2175,2239,2492,2603],"class_list":["post-12439","post","type-post","status-publish","format-standard","has-post-thumbnail","hentry","category-destaques","category-maiores","category-selecao","tag-amistosos","tag-argentina","tag-argentinos","tag-brasil","tag-brasileiros","tag-catarinenses","tag-classico","tag-hermanos","tag-joacaba","tag-santa-catarina","tag-selecao","tag-tres","tag-vitoria"],"_links":{"self":[{"href":"https:\/\/www.federacaopaulistadefutsal.com.br\/novo\/wp-json\/wp\/v2\/posts\/12439","targetHints":{"allow":["GET"]}}],"collection":[{"href":"https:\/\/www.federacaopaulistadefutsal.com.br\/novo\/wp-json\/wp\/v2\/posts"}],"about":[{"href":"https:\/\/www.federacaopaulistadefutsal.com.br\/novo\/wp-json\/wp\/v2\/types\/post"}],"author":[{"embeddable":true,"href":"https:\/\/www.federacaopaulistadefutsal.com.br\/novo\/wp-json\/wp\/v2\/users\/1"}],"replies":[{"embeddable":true,"href":"https:\/\/www.federacaopaulistadefutsal.com.br\/novo\/wp-json\/wp\/v2\/comments?post=12439"}],"version-history":[{"count":0,"href":"https:\/\/www.federacaopaulistadefutsal.com.br\/novo\/wp-json\/wp\/v2\/posts\/12439\/revisions"}],"wp:featuredmedia":[{"embeddable":true,"href":"https:\/\/www.federacaopaulistadefutsal.com.br\/novo\/wp-json\/"}],"wp:attachment":[{"href":"https:\/\/www.federacaopaulistadefutsal.com.br\/novo\/wp-json\/wp\/v2\/media?parent=12439"}],"wp:term":[{"taxonomy":"category","embeddable":true,"href":"https:\/\/www.federacaopaulistadefutsal.com.br\/novo\/wp-json\/wp\/v2\/categories?post=12439"},{"taxonomy":"post_tag","embeddable":true,"href":"https:\/\/www.federacaopaulistadefutsal.com.br\/novo\/wp-json\/wp\/v2\/tags?post=12439"}],"curies":[{"name":"wp","href":"https:\/\/api.w.org\/{rel}","templated":true}]}}