{"id":12465,"date":"2016-08-01T12:01:48","date_gmt":"2016-08-01T12:01:48","guid":{"rendered":"http:\/\/www.federacaopaulistadefutsal.com.br\/?p=12465"},"modified":"2016-08-01T12:01:48","modified_gmt":"2016-08-01T12:01:48","slug":"agora-funcionario-publico-munin-rescinde-contrato-com-corinthians","status":"publish","type":"post","link":"https:\/\/www.federacaopaulistadefutsal.com.br\/novo\/agora-funcionario-publico-munin-rescinde-contrato-com-corinthians\/","title":{"rendered":"Agora funcion\u00e1rio p\u00fablico, Munin rescinde contrato com Corinthians"},"content":{"rendered":"<p>&nbsp;<br \/>\nO ala Munin, que tamb\u00e9m atua como fixo nas quatro linhas, n\u00e3o \u00e9 mais jogador do Corinthians. O atleta das quadras, de 34 anos, acertou sua rescis\u00e3o com a equipe do Parque S\u00e3o Jorge, e agora, retornar\u00e1 \u00e0 carreira de funcion\u00e1rio p\u00fablico na capital Bras\u00edlia, no Distrito Federal.<br \/>\n<strong>&#8220;Eu sempre estudei, sempre deixei algo resguardado. Caso alguma coisa desse errado, eu teria como sustentar minha fam\u00edlia. Em 2012, quando eu estava em Bras\u00edlia ainda, fiz um concurso. Estudei, fui muito bem na prova e acabei me classificando. Agora, saiu a convoca\u00e7\u00e3o&#8221;,\u00a0<\/strong>declarou Carlos Henrique, o popular &#8220;Munin&#8221;, em entrevista \u00e0 R\u00e1dio Difusora, da cidade de Patroc\u00ednio-MG.<br \/>\n<strong>&#8220;A correspond\u00eancia chegou \u00e0 casa da minha m\u00e3e, e ela me mandou. Quando eu vi, falei: &#8216;Caraca, \u00e9 coisa de Deus mesmo&#8217;. Eu estava com o pensamento de jogar mais uns dois ou tr\u00eas anos no profissional, pensando no que faria. Gra\u00e7as a Deus, surgiu essa oportunidade. Fiquei muito feliz&#8221;,\u00a0<\/strong>completou o agora ex-jogador de futsal.<br \/>\nTime do esporte das quadras paulista, o Corinthians n\u00e3o imp\u00f4s quaisquer dificuldades para a sa\u00edda do atleta, formado no curso de contabilidade e, tamb\u00e9m, especializado em auditoria. Munin defendeu a camisa do alvinegro do come\u00e7o de 2015 a julho deste ano, conquistando a Liga Paulista na temporada passada.<br \/>\n<strong>&#8220;\u00c9 realmente uma equipe de camisa, com uma torcida apaixonada. Fui campe\u00e3o paulista de 2015, com jogadores renomados. Aquilo, para mim, foi muito prazeroso. Passava um filme na minha cabe\u00e7a, tudo o que passei para chegar ali. Voc\u00ea olha para tr\u00e1s e v\u00ea o tanto que batalhou para conseguir realizar um sonho&#8221;,\u00a0<\/strong>finalizou Carlos Henrique, grato ao Tim\u00e3o, e sobretudo, ao futsal.<br \/>\n&nbsp;<br \/>\nPor Assessoria FPFS<br \/>\nCom informa\u00e7\u00f5es: Liga Nacional de Futsal (LNF)\/Meu Tim\u00e3o<br \/>\nFoto: Divulga\u00e7\u00e3o\/Ronaldo Oliveira<br \/>\n&nbsp;<\/p>\n","protected":false},"excerpt":{"rendered":"<p>&nbsp; O ala Munin, que tamb\u00e9m atua como fixo nas quatro linhas, n\u00e3o \u00e9 mais jogador do Corinthians. O atleta<\/p>\n","protected":false},"author":1,"featured_media":12467,"comment_status":"closed","ping_status":"open","sticky":false,"template":"","format":"standard","meta":{"footnotes":""},"categories":[25,32],"tags":[190,203,308,691,734,940,1088,1126,1409,1707,1997,2095,2323,2457],"class_list":["post-12465","post","type-post","status-publish","format-standard","has-post-thumbnail","hentry","category-destaques","category-maiores","tag-ala","tag-alvinegro","tag-atleta","tag-contrato","tag-corinthians","tag-entrevista","tag-fixo","tag-funcionario","tag-jogador","tag-munin","tag-publico","tag-rescinde","tag-sonoras","tag-timao"],"_links":{"self":[{"href":"https:\/\/www.federacaopaulistadefutsal.com.br\/novo\/wp-json\/wp\/v2\/posts\/12465","targetHints":{"allow":["GET"]}}],"collection":[{"href":"https:\/\/www.federacaopaulistadefutsal.com.br\/novo\/wp-json\/wp\/v2\/posts"}],"about":[{"href":"https:\/\/www.federacaopaulistadefutsal.com.br\/novo\/wp-json\/wp\/v2\/types\/post"}],"author":[{"embeddable":true,"href":"https:\/\/www.federacaopaulistadefutsal.com.br\/novo\/wp-json\/wp\/v2\/users\/1"}],"replies":[{"embeddable":true,"href":"https:\/\/www.federacaopaulistadefutsal.com.br\/novo\/wp-json\/wp\/v2\/comments?post=12465"}],"version-history":[{"count":0,"href":"https:\/\/www.federacaopaulistadefutsal.com.br\/novo\/wp-json\/wp\/v2\/posts\/12465\/revisions"}],"wp:featuredmedia":[{"embeddable":true,"href":"https:\/\/www.federacaopaulistadefutsal.com.br\/novo\/wp-json\/"}],"wp:attachment":[{"href":"https:\/\/www.federacaopaulistadefutsal.com.br\/novo\/wp-json\/wp\/v2\/media?parent=12465"}],"wp:term":[{"taxonomy":"category","embeddable":true,"href":"https:\/\/www.federacaopaulistadefutsal.com.br\/novo\/wp-json\/wp\/v2\/categories?post=12465"},{"taxonomy":"post_tag","embeddable":true,"href":"https:\/\/www.federacaopaulistadefutsal.com.br\/novo\/wp-json\/wp\/v2\/tags?post=12465"}],"curies":[{"name":"wp","href":"https:\/\/api.w.org\/{rel}","templated":true}]}}