{"id":12527,"date":"2016-08-04T10:09:41","date_gmt":"2016-08-04T10:09:41","guid":{"rendered":"http:\/\/www.federacaopaulistadefutsal.com.br\/?p=12527"},"modified":"2016-08-04T10:09:41","modified_gmt":"2016-08-04T10:09:41","slug":"time-de-bauru-sp-a-a-fib-treina-jogadas-visando-posse-de-bola","status":"publish","type":"post","link":"https:\/\/www.federacaopaulistadefutsal.com.br\/novo\/time-de-bauru-sp-a-a-fib-treina-jogadas-visando-posse-de-bola\/","title":{"rendered":"Time de Bauru-SP, A.A. FIB treina jogadas visando posse de bola"},"content":{"rendered":"<p>&nbsp;<br \/>\nComandada pelo t\u00e9cnico Everton Carvalho, o &#8220;Alem\u00e3o&#8221;, a A.A. FIB, equipe de Bauru-SP, realizou treino na \u00faltima quarta-feira (03). Visando manter a posse de bola, o time do treinador, que \u00e9 auxiliado por seu irm\u00e3o Elton Carvalho, fez jogadas marcadas pela grande troca de passes, especialmente em &#8220;curtos&#8221; espa\u00e7os, no gin\u00e1sio Duduz\u00e3o, casa dos bauruenses.<br \/>\n<strong>&#8220;Fizemos um coletivo adaptado em meia quadra porque, quando os jogadores est\u00e3o em um espa\u00e7o reduzido, s\u00e3o obrigados a manter a bola com sua equipe para n\u00e3o sofrerem na defesa. Al\u00e9m disso, eles precisam ter mais agilidade para executar as jogadas&#8221;,<\/strong> revelou o t\u00e9cnico da A.A. FIB.<br \/>\n<strong>Visando os Jogos Abertos do Interior<\/strong><br \/>\nOs jogadores do time de Bauru-SP seguem se preparando visando a disputa de torneio classificat\u00f3rio, que dar\u00e1 vaga aos Jogos Abertos do Interior. Contra as equipes das cidades de Lins-SP e S\u00e3o Carlos-SP, os jogos da competi\u00e7\u00e3o est\u00e3o marcados para acontecer nos dias 12 e 19 de agosto, no gin\u00e1sio Duduz\u00e3o.<br \/>\n&nbsp;<br \/>\nPor Assessoria FPFS<br \/>\nCom informa\u00e7\u00f5es e foto: Rafael Peloso\/A.A. FIB<br \/>\n&nbsp;<br \/>\n&nbsp;<\/p>\n","protected":false},"excerpt":{"rendered":"<p>&nbsp; Comandada pelo t\u00e9cnico Everton Carvalho, o &#8220;Alem\u00e3o&#8221;, a A.A. FIB, equipe de Bauru-SP, realizou treino na \u00faltima quarta-feira (03).<\/p>\n","protected":false},"author":1,"featured_media":12528,"comment_status":"closed","ping_status":"open","sticky":false,"template":"","format":"standard","meta":{"footnotes":""},"categories":[29,32],"tags":[99,196,367,369,940,999,1925,2322,2422,2485,2490,2596],"class_list":["post-12527","post","type-post","status-publish","format-standard","has-post-thumbnail","hentry","category-interior","category-maiores","tag-a-a-fib","tag-alemao","tag-bauru","tag-bauruenses","tag-entrevista","tag-everton-carvalho","tag-posse-de-bola","tag-sonora","tag-tecnico","tag-treinador","tag-treino","tag-visando"],"_links":{"self":[{"href":"https:\/\/www.federacaopaulistadefutsal.com.br\/novo\/wp-json\/wp\/v2\/posts\/12527","targetHints":{"allow":["GET"]}}],"collection":[{"href":"https:\/\/www.federacaopaulistadefutsal.com.br\/novo\/wp-json\/wp\/v2\/posts"}],"about":[{"href":"https:\/\/www.federacaopaulistadefutsal.com.br\/novo\/wp-json\/wp\/v2\/types\/post"}],"author":[{"embeddable":true,"href":"https:\/\/www.federacaopaulistadefutsal.com.br\/novo\/wp-json\/wp\/v2\/users\/1"}],"replies":[{"embeddable":true,"href":"https:\/\/www.federacaopaulistadefutsal.com.br\/novo\/wp-json\/wp\/v2\/comments?post=12527"}],"version-history":[{"count":0,"href":"https:\/\/www.federacaopaulistadefutsal.com.br\/novo\/wp-json\/wp\/v2\/posts\/12527\/revisions"}],"wp:featuredmedia":[{"embeddable":true,"href":"https:\/\/www.federacaopaulistadefutsal.com.br\/novo\/wp-json\/"}],"wp:attachment":[{"href":"https:\/\/www.federacaopaulistadefutsal.com.br\/novo\/wp-json\/wp\/v2\/media?parent=12527"}],"wp:term":[{"taxonomy":"category","embeddable":true,"href":"https:\/\/www.federacaopaulistadefutsal.com.br\/novo\/wp-json\/wp\/v2\/categories?post=12527"},{"taxonomy":"post_tag","embeddable":true,"href":"https:\/\/www.federacaopaulistadefutsal.com.br\/novo\/wp-json\/wp\/v2\/tags?post=12527"}],"curies":[{"name":"wp","href":"https:\/\/api.w.org\/{rel}","templated":true}]}}