{"id":12545,"date":"2016-08-05T12:23:34","date_gmt":"2016-08-05T12:23:34","guid":{"rendered":"http:\/\/www.federacaopaulistadefutsal.com.br\/?p=12545"},"modified":"2016-08-05T12:23:34","modified_gmt":"2016-08-05T12:23:34","slug":"visando-balancar-as-redes-a-a-fib-treina-finalizacao-no-ginasio-duduzao","status":"publish","type":"post","link":"https:\/\/www.federacaopaulistadefutsal.com.br\/novo\/visando-balancar-as-redes-a-a-fib-treina-finalizacao-no-ginasio-duduzao\/","title":{"rendered":"Visando balan\u00e7ar as redes, A.A. FIB treina finaliza\u00e7\u00e3o no gin\u00e1sio Duduz\u00e3o"},"content":{"rendered":"<p>&nbsp;<br \/>\nTime da cidade de Bauru-SP, a A.A. FIB marcou, ao todo, 21 gols na Liga Paulista de Futsal (LPF), competi\u00e7\u00e3o em que chegou at\u00e9 as oitavas de final. Comandada pelo t\u00e9cnico Everton Carvalho, o &#8220;Alem\u00e3o&#8221;, a equipe bauruense realizou treino de finaliza\u00e7\u00e3o na \u00faltima quinta-feira (04), no gin\u00e1sio Duduz\u00e3o, visando aperfei\u00e7oar seu poderio ofensivo, e principalmente, balan\u00e7ar ainda mais as redes.<br \/>\n<strong>&#8220;Nossa equipe marcou gol em 80% dos jogos na Liga Paulista, s\u00f3 passou em branco uma vez durante a campanha do vice-campeonato na Copa TV Tem e ainda tem o segundo melhor ataque da Copa Record, mas n\u00e3o podemos relaxar, temos que estar prontos para aproveitar as chances criadas durante as partiras&#8221;,\u00a0<\/strong>declarou o treinador.<br \/>\n<strong>Visando os Jogos Abertos do Interior\u00a0<\/strong><br \/>\nOs jogadores do time de Bauru-SP seguem se preparando visando a disputa de torneio classificat\u00f3rio, que dar\u00e1 vaga aos Jogos Abertos do Interior. Contra as equipes das cidades de Lins-SP e S\u00e3o Carlos-SP, os jogos da competi\u00e7\u00e3o est\u00e3o marcados para acontecer nos dias 12 e 19 de agosto, no gin\u00e1sio Duduz\u00e3o, casa da A.A. FIB.<br \/>\n&nbsp;<br \/>\nPor Assessoria FPFS<br \/>\nCom informa\u00e7\u00f5es e foto: Rafael Peloso\/A.A. FIB<\/p>\n","protected":false},"excerpt":{"rendered":"<p>&nbsp; Time da cidade de Bauru-SP, a A.A. FIB marcou, ao todo, 21 gols na Liga Paulista de Futsal (LPF),<\/p>\n","protected":false},"author":1,"featured_media":12546,"comment_status":"closed","ping_status":"open","sticky":false,"template":"","format":"standard","meta":{"footnotes":""},"categories":[29,32],"tags":[196,347,367,369,999,1059,1075,1334,2053,2322,2422,2485,2490],"class_list":["post-12545","post","type-post","status-publish","format-standard","has-post-thumbnail","hentry","category-interior","category-maiores","tag-alemao","tag-balancar","tag-bauru","tag-bauruenses","tag-everton-carvalho","tag-fib","tag-finalizacao","tag-interior","tag-redes","tag-sonora","tag-tecnico","tag-treinador","tag-treino"],"_links":{"self":[{"href":"https:\/\/www.federacaopaulistadefutsal.com.br\/novo\/wp-json\/wp\/v2\/posts\/12545","targetHints":{"allow":["GET"]}}],"collection":[{"href":"https:\/\/www.federacaopaulistadefutsal.com.br\/novo\/wp-json\/wp\/v2\/posts"}],"about":[{"href":"https:\/\/www.federacaopaulistadefutsal.com.br\/novo\/wp-json\/wp\/v2\/types\/post"}],"author":[{"embeddable":true,"href":"https:\/\/www.federacaopaulistadefutsal.com.br\/novo\/wp-json\/wp\/v2\/users\/1"}],"replies":[{"embeddable":true,"href":"https:\/\/www.federacaopaulistadefutsal.com.br\/novo\/wp-json\/wp\/v2\/comments?post=12545"}],"version-history":[{"count":0,"href":"https:\/\/www.federacaopaulistadefutsal.com.br\/novo\/wp-json\/wp\/v2\/posts\/12545\/revisions"}],"wp:featuredmedia":[{"embeddable":true,"href":"https:\/\/www.federacaopaulistadefutsal.com.br\/novo\/wp-json\/"}],"wp:attachment":[{"href":"https:\/\/www.federacaopaulistadefutsal.com.br\/novo\/wp-json\/wp\/v2\/media?parent=12545"}],"wp:term":[{"taxonomy":"category","embeddable":true,"href":"https:\/\/www.federacaopaulistadefutsal.com.br\/novo\/wp-json\/wp\/v2\/categories?post=12545"},{"taxonomy":"post_tag","embeddable":true,"href":"https:\/\/www.federacaopaulistadefutsal.com.br\/novo\/wp-json\/wp\/v2\/tags?post=12545"}],"curies":[{"name":"wp","href":"https:\/\/api.w.org\/{rel}","templated":true}]}}