{"id":12574,"date":"2016-08-06T11:19:39","date_gmt":"2016-08-06T11:19:39","guid":{"rendered":"http:\/\/www.federacaopaulistadefutsal.com.br\/?p=12574"},"modified":"2016-08-06T11:19:39","modified_gmt":"2016-08-06T11:19:39","slug":"comissao-tecnica-da-selecao-divulga-pre-lista-de-25-convocados","status":"publish","type":"post","link":"https:\/\/www.federacaopaulistadefutsal.com.br\/novo\/comissao-tecnica-da-selecao-divulga-pre-lista-de-25-convocados\/","title":{"rendered":"Comiss\u00e3o t\u00e9cnica da Sele\u00e7\u00e3o divulga pr\u00e9-lista de 25 convocados"},"content":{"rendered":"<p>&nbsp;<br \/>\nComandada pelo t\u00e9cnico Serginho Schiochet, a comiss\u00e3o t\u00e9cnica da Sele\u00e7\u00e3o Brasileira de Futsal definiu pr\u00e9-lista de 25 nomes de jogadores que podem estar na Copa do Mundo, que acontecer\u00e1 em setembro, na Col\u00f4mbia. O time brasileiro, heptacampe\u00e3o mundial, buscar\u00e1 o oitavo t\u00edtulo na competi\u00e7\u00e3o das quadras.<br \/>\n<strong>&#8220;Foi uma escolha dif\u00edcil pelo n\u00famero de grandes jogadores brasileiros que temos \u00e0 disposi\u00e7\u00e3o, mas seguimos a linha de pensamento do que foi feito ao longo dessa prepara\u00e7\u00e3o. Temos um grupo com experi\u00eancia em Copa do Mundo, inclusive tendo o \u00eaxito de conquistar o torneio, e um outro lado de grandes atletas que ir\u00e3o ao primeiro Mundial. Vamos agora analisar essas alternativas para fechar a lista, com a certeza de que temos em m\u00e3os uma Sele\u00e7\u00e3o competitiva e de alto n\u00edvel&#8221;,\u00a0<\/strong>declarou o treinador do Brasil.<br \/>\n<strong>Confira abaixo a pr\u00e9-lista de 25 atletas convocados \u00e0 Copa do Mundo:\u00a0<\/strong><br \/>\n<strong>Goleiros &#8211;<\/strong> Guitta (Corinthians &#8211; SP), Tiago (Magnus &#8211; SP), Gian (Intelli &#8211; SP), Deivd (Copagril-PR) e Dudu (Jec\/Krona-SC);<br \/>\n<strong>Fixos &#8211;<\/strong> Ci\u00e7o (Supermercados BH\/Minas &#8211; MG), Rafael Rato (InterMovistar &#8211; Espanha) e Rodrigo (Magnus &#8211; SP);<br \/>\n<strong>Alas &#8211;<\/strong> Daniel (InterMovistar &#8211; Espanha), Ari (Dynamo &#8211; R\u00fassia), Xuxa (Jec\/Krona &#8211; SC), Bateria (Barcelona &#8211; Espanha), Jackson (Intelli &#8211; SP), Cabre\u00fava (Intelli &#8211; SP), Falc\u00e3o (Magnus &#8211; SP), Caio (Gazprom &#8211; R\u00fassia), Dyego (Barcelona &#8211; Espanha), Marc\u00eanio (Gazprom &#8211; R\u00fassia), Gadeia (Intelli &#8211; SP);<br \/>\n<strong>Piv\u00f4s &#8211; \u00a0<\/strong>J\u00e9 (Kairat &#8211; Cazaquist\u00e3o), Fernandinho (Dynamo &#8211; R\u00fassia), Ferr\u00e3o (Barcelona &#8211; Espanha), Dieguinho (Sporting &#8211; Portugal), Simi (Magnus &#8211; SP) e Pito (ElPozo &#8211; Espanha).<br \/>\n<strong>A Sele\u00e7\u00e3o Brasileira na Copa do Mundo\u00a0<\/strong><br \/>\nA equipe verde e amarela, pela principal competi\u00e7\u00e3o das quadras no mundo, est\u00e1 no grupo D, ao lado dos seguintes pa\u00edses: Austr\u00e1lia, Mo\u00e7ambique e Ucr\u00e2nia. O Brasil estrear\u00e1 diante do time ucraniano, no dia 11 de setembro, na cidade de Bucaramanga, na Col\u00f4mbia.<br \/>\n&nbsp;<br \/>\nPor Assessoria FPFS<br \/>\nCom informa\u00e7\u00f5es: CBFS<\/p>\n<div class=\"post_content\">\nFoto: Divulga\u00e7\u00e3o\/\u00a0Ricardo Artifon\/CBFS<\/p>\n<div class=\"clear\"><\/div>\n<\/div>\n<div class=\"post_meta meta_type_line\"><\/div>\n","protected":false},"excerpt":{"rendered":"<p>&nbsp; Comandada pelo t\u00e9cnico Serginho Schiochet, a comiss\u00e3o t\u00e9cnica da Sele\u00e7\u00e3o Brasileira de Futsal definiu pr\u00e9-lista de 25 nomes de<\/p>\n","protected":false},"author":1,"featured_media":12575,"comment_status":"closed","ping_status":"open","sticky":false,"template":"","format":"standard","meta":{"footnotes":""},"categories":[25,32,35],"tags":[78,310,419,425,633,696,710,1413,1702,1938,2218,2239,2270,2298],"class_list":["post-12574","post","type-post","status-publish","format-standard","has-post-thumbnail","hentry","category-destaques","category-maiores","category-selecao","tag-78","tag-atletas","tag-brasil","tag-brasileiros","tag-colombia","tag-convocacao","tag-copa-do-mundo","tag-jogadores","tag-mundial","tag-pre-lista","tag-schiochet","tag-selecao","tag-serginho","tag-setembro"],"_links":{"self":[{"href":"https:\/\/www.federacaopaulistadefutsal.com.br\/novo\/wp-json\/wp\/v2\/posts\/12574","targetHints":{"allow":["GET"]}}],"collection":[{"href":"https:\/\/www.federacaopaulistadefutsal.com.br\/novo\/wp-json\/wp\/v2\/posts"}],"about":[{"href":"https:\/\/www.federacaopaulistadefutsal.com.br\/novo\/wp-json\/wp\/v2\/types\/post"}],"author":[{"embeddable":true,"href":"https:\/\/www.federacaopaulistadefutsal.com.br\/novo\/wp-json\/wp\/v2\/users\/1"}],"replies":[{"embeddable":true,"href":"https:\/\/www.federacaopaulistadefutsal.com.br\/novo\/wp-json\/wp\/v2\/comments?post=12574"}],"version-history":[{"count":0,"href":"https:\/\/www.federacaopaulistadefutsal.com.br\/novo\/wp-json\/wp\/v2\/posts\/12574\/revisions"}],"wp:featuredmedia":[{"embeddable":true,"href":"https:\/\/www.federacaopaulistadefutsal.com.br\/novo\/wp-json\/"}],"wp:attachment":[{"href":"https:\/\/www.federacaopaulistadefutsal.com.br\/novo\/wp-json\/wp\/v2\/media?parent=12574"}],"wp:term":[{"taxonomy":"category","embeddable":true,"href":"https:\/\/www.federacaopaulistadefutsal.com.br\/novo\/wp-json\/wp\/v2\/categories?post=12574"},{"taxonomy":"post_tag","embeddable":true,"href":"https:\/\/www.federacaopaulistadefutsal.com.br\/novo\/wp-json\/wp\/v2\/tags?post=12574"}],"curies":[{"name":"wp","href":"https:\/\/api.w.org\/{rel}","templated":true}]}}