{"id":12610,"date":"2016-08-08T16:54:14","date_gmt":"2016-08-08T16:54:14","guid":{"rendered":"http:\/\/www.federacaopaulistadefutsal.com.br\/?p=12610"},"modified":"2016-08-08T16:54:14","modified_gmt":"2016-08-08T16:54:14","slug":"com-lesao-no-joelho-capitao-da-adc-intelliorlandia-esta-fora-do-restante-da-temporada","status":"publish","type":"post","link":"https:\/\/www.federacaopaulistadefutsal.com.br\/novo\/com-lesao-no-joelho-capitao-da-adc-intelliorlandia-esta-fora-do-restante-da-temporada\/","title":{"rendered":"Com les\u00e3o no joelho, Capit\u00e3o da ADC Intelli\/Orl\u00e2ndia est\u00e1 fora do restante da temporada."},"content":{"rendered":"<p>Em jogo realizado nesta \u00faltima sexta-feira, 05\/08, pela LPF \u2013 Liga Paulista de Futsal, o fixo e capit\u00e3o da A.D.C. Intelli\/Orl\u00e2ndia, Renan, sofreu uma ruptura no ligamento cruzado anterior do joelho esquerdo, nos pr\u00f3ximos dias passar\u00e1 por cirurgia e ficar\u00e1 afastado das quadras cerca de 6 meses. O atleta est\u00e1 fora do restante da temporada.<br \/>\nRenan se machucou no segundo tempo do empate por 1 a 1 com a AABB\/MAPFRE, em jogo v\u00e1lido pelas quartas de final da LPF que terminou com a elimina\u00e7\u00e3o da equipe orlandense.<br \/>\nAl\u00e9m de Renan, outros atletas desfalcam a equipe do t\u00e9cnico Cid\u00e3o, o fixo Ven\u00e2ncio, o ala Felipe, o goleiro Dieg\u00e3o e o piv\u00f4 Douglas &#8211; esses dois \u00faltimos est\u00e3o em fase final de recupera\u00e7\u00e3o e devem voltar \u00e0s quadras nas pr\u00f3ximas semanas.<br \/>\nA.D.C. Intelli\/Orl\u00e2ndia volta a jogar nesta segunda-feira, \u00e0s 20h15, no Gin\u00e1sio Arena Jo\u00e3o Mambrini, em S\u00e3o Sebasti\u00e3o do Para\u00edso \u2013 MG, contra o Jaragu\u00e1 pela LNF \u2013 Liga Nacional de Futsal.<br \/>\nPor: Assessoria FPFS<br \/>\nFoto: M\u00e1rcio Dami\u00e3o &#8211; ADC Intelli<\/p>\n","protected":false},"excerpt":{"rendered":"<p>Em jogo realizado nesta \u00faltima sexta-feira, 05\/08, pela LPF \u2013 Liga Paulista de Futsal, o fixo e capit\u00e3o da A.D.C.<\/p>\n","protected":false},"author":1,"featured_media":12611,"comment_status":"closed","ping_status":"open","sticky":false,"template":"","format":"standard","meta":{"footnotes":""},"categories":[30,31,32],"tags":[136,171,42,1151,1392,1546,1556,2084],"class_list":["post-12610","post","type-post","status-publish","format-standard","has-post-thumbnail","hentry","category-liga-nacional-de-futsal","category-liga-paulista-de-futsal","category-maiores","tag-aabbmapfre","tag-adc-intelli","tag-fpfs","tag-futsal-paulista","tag-jaragua-do-sul","tag-lnf","tag-lpf","tag-renan-futsal"],"_links":{"self":[{"href":"https:\/\/www.federacaopaulistadefutsal.com.br\/novo\/wp-json\/wp\/v2\/posts\/12610","targetHints":{"allow":["GET"]}}],"collection":[{"href":"https:\/\/www.federacaopaulistadefutsal.com.br\/novo\/wp-json\/wp\/v2\/posts"}],"about":[{"href":"https:\/\/www.federacaopaulistadefutsal.com.br\/novo\/wp-json\/wp\/v2\/types\/post"}],"author":[{"embeddable":true,"href":"https:\/\/www.federacaopaulistadefutsal.com.br\/novo\/wp-json\/wp\/v2\/users\/1"}],"replies":[{"embeddable":true,"href":"https:\/\/www.federacaopaulistadefutsal.com.br\/novo\/wp-json\/wp\/v2\/comments?post=12610"}],"version-history":[{"count":0,"href":"https:\/\/www.federacaopaulistadefutsal.com.br\/novo\/wp-json\/wp\/v2\/posts\/12610\/revisions"}],"wp:featuredmedia":[{"embeddable":true,"href":"https:\/\/www.federacaopaulistadefutsal.com.br\/novo\/wp-json\/"}],"wp:attachment":[{"href":"https:\/\/www.federacaopaulistadefutsal.com.br\/novo\/wp-json\/wp\/v2\/media?parent=12610"}],"wp:term":[{"taxonomy":"category","embeddable":true,"href":"https:\/\/www.federacaopaulistadefutsal.com.br\/novo\/wp-json\/wp\/v2\/categories?post=12610"},{"taxonomy":"post_tag","embeddable":true,"href":"https:\/\/www.federacaopaulistadefutsal.com.br\/novo\/wp-json\/wp\/v2\/tags?post=12610"}],"curies":[{"name":"wp","href":"https:\/\/api.w.org\/{rel}","templated":true}]}}