{"id":12661,"date":"2016-08-10T11:15:58","date_gmt":"2016-08-10T11:15:58","guid":{"rendered":"http:\/\/www.federacaopaulistadefutsal.com.br\/?p=12661"},"modified":"2016-08-10T11:15:58","modified_gmt":"2016-08-10T11:15:58","slug":"em-jogo-equilibrado-fs21americana-perde-para-taboao-no-ze-do-feijao","status":"publish","type":"post","link":"https:\/\/www.federacaopaulistadefutsal.com.br\/novo\/em-jogo-equilibrado-fs21americana-perde-para-taboao-no-ze-do-feijao\/","title":{"rendered":"Em jogo equilibrado, FS21\/Americana perde para Tabo\u00e3o no &quot;Z\u00e9 do Feij\u00e3o&quot;"},"content":{"rendered":"<p>&nbsp;<br \/>\nNo \u00faltimo s\u00e1bado (06), em partida v\u00e1lida pelo Campeonato Paulista, competi\u00e7\u00e3o organizada pela FPFS, a FS21\/Americana enfrentou o C.A. Tabo\u00e3o da Serra fora de casa, no gin\u00e1sio Jos\u00e9 de Souza Sobrinho, o popular &#8220;Z\u00e9 do Feij\u00e3o&#8221;. No jogo, equilibrado nas quatro linhas e v\u00e1lido pela 1\u00aa rodada do returno do torneio, o time americano perdeu pelo placar de 4 a 3.<br \/>\nOs gols da equipe da cidade de Americana-SP foram marcados por Jos\u00e9 Diogo, que balan\u00e7ou a rede duas vezes, e Ricardo Silva (contra). A favor dos mandantes, Danilo Mendes, Denis, Lucas e Evair colocaram a bola no fundo do &#8220;barbante&#8221;.<br \/>\nCom o resultado, a FS21\/Americana segue na oitava coloca\u00e7\u00e3o, com 4 pontos ganhos: uma vit\u00f3ria, um empate e sete derrotas. J\u00e1 o Tabo\u00e3o, em situa\u00e7\u00e3o oposta na tabela do Paulist\u00e3o, \u00e9 o quarto, e somando 18 pontos, tem seis vit\u00f3rias e tr\u00eas derrotas.<br \/>\nVisando subir na tabela do Estadual, o time americano vai encarar a A. Beiju no pr\u00f3ximo s\u00e1bado (13), \u00e0s 19h00, diante de sua torcida, no gin\u00e1sio Aristides Pisoni. A equipe taboanense tamb\u00e9m medir\u00e1 for\u00e7as com Beiju, s\u00f3 que no dia 20 de agosto, a partir das 17h00, novamente no &#8220;Z\u00e9 do Feij\u00e3o&#8221;.<br \/>\n&nbsp;<br \/>\nPor Assessoria FPFS<br \/>\nFoto: Divulga\u00e7\u00e3o\/ FS21\/Americana<\/p>\n","protected":false},"excerpt":{"rendered":"<p>&nbsp; No \u00faltimo s\u00e1bado (06), em partida v\u00e1lida pelo Campeonato Paulista, competi\u00e7\u00e3o organizada pela FPFS, a FS21\/Americana enfrentou o C.A.<\/p>\n","protected":false},"author":1,"featured_media":12668,"comment_status":"closed","ping_status":"open","sticky":false,"template":"","format":"standard","meta":{"footnotes":""},"categories":[9,29,32],"tags":[214,217,648,807,975,1103,42,1124,1334,1839,2109,2388,2390],"class_list":["post-12661","post","type-post","status-publish","format-standard","has-post-thumbnail","hentry","category-estadual-principal","category-interior","category-maiores","tag-americana","tag-americanos","tag-competicao","tag-derrota","tag-estadual","tag-fora-de-casa","tag-fpfs","tag-fs21","tag-interior","tag-paulistao","tag-returno","tag-taboanenses","tag-taboao-da-serra"],"_links":{"self":[{"href":"https:\/\/www.federacaopaulistadefutsal.com.br\/novo\/wp-json\/wp\/v2\/posts\/12661","targetHints":{"allow":["GET"]}}],"collection":[{"href":"https:\/\/www.federacaopaulistadefutsal.com.br\/novo\/wp-json\/wp\/v2\/posts"}],"about":[{"href":"https:\/\/www.federacaopaulistadefutsal.com.br\/novo\/wp-json\/wp\/v2\/types\/post"}],"author":[{"embeddable":true,"href":"https:\/\/www.federacaopaulistadefutsal.com.br\/novo\/wp-json\/wp\/v2\/users\/1"}],"replies":[{"embeddable":true,"href":"https:\/\/www.federacaopaulistadefutsal.com.br\/novo\/wp-json\/wp\/v2\/comments?post=12661"}],"version-history":[{"count":0,"href":"https:\/\/www.federacaopaulistadefutsal.com.br\/novo\/wp-json\/wp\/v2\/posts\/12661\/revisions"}],"wp:featuredmedia":[{"embeddable":true,"href":"https:\/\/www.federacaopaulistadefutsal.com.br\/novo\/wp-json\/"}],"wp:attachment":[{"href":"https:\/\/www.federacaopaulistadefutsal.com.br\/novo\/wp-json\/wp\/v2\/media?parent=12661"}],"wp:term":[{"taxonomy":"category","embeddable":true,"href":"https:\/\/www.federacaopaulistadefutsal.com.br\/novo\/wp-json\/wp\/v2\/categories?post=12661"},{"taxonomy":"post_tag","embeddable":true,"href":"https:\/\/www.federacaopaulistadefutsal.com.br\/novo\/wp-json\/wp\/v2\/tags?post=12661"}],"curies":[{"name":"wp","href":"https:\/\/api.w.org\/{rel}","templated":true}]}}