{"id":12705,"date":"2016-08-11T16:00:24","date_gmt":"2016-08-11T16:00:24","guid":{"rendered":"http:\/\/www.federacaopaulistadefutsal.com.br\/?p=12705"},"modified":"2016-08-11T16:00:24","modified_gmt":"2016-08-11T16:00:24","slug":"jacarei-trabalha-para-vencer-em-quadra-no-segundo-semestre","status":"publish","type":"post","link":"https:\/\/www.federacaopaulistadefutsal.com.br\/novo\/jacarei-trabalha-para-vencer-em-quadra-no-segundo-semestre\/","title":{"rendered":"Jacare\u00ed trabalha para vencer em quadra no segundo semestre"},"content":{"rendered":"<p>&nbsp;<br \/>\nTime da regi\u00e3o do Vale do Para\u00edba, o Jacare\u00ed Futsal, apesar de n\u00e3o ter feito um grande primeiro semestre nas quatro linhas, j\u00e1 cria expectativas, e positivas, em rela\u00e7\u00e3o ao segundo. A equipe jacareiense, do goleiro Donha, planeja mudan\u00e7as em quadra, buscando melhorar seu desempenho, e principalmente, fazer boas campanhas nos Jogos Abertos do Interior e na Copa Paulista.<br \/>\n<strong><a href=\"http:\/\/www.federacaopaulistadefutsal.com.br\/wp-content\/uploads\/2016\/08\/Jacare\u00ed_Donha.jpg\"><img decoding=\"async\" class=\"alignleft size-thumbnail wp-image-12708\" src=\"http:\/\/www.federacaopaulistadefutsal.com.br\/wp-content\/uploads\/2016\/08\/Jacare\u00ed_Donha-150x150.jpg\" alt=\"Jacare\u00ed_Donha\" width=\"150\" height=\"150\" \/><\/a>&#8220;Surpreendemos muitas pessoas com a conquista do terceiro lugar e o \u00faltimo jogo, que tive a oportunidade de entrar, e entrei bem, conseguimos a vit\u00f3ria e esse trof\u00e9u. Aproveitei a chance e foi uma bela partida que n\u00e3o vou esquecer&#8221;,\u00a0<\/strong>declarou o jogador das traves do &#8220;JAC&#8221;, citando a campanha do time nos Jogos Regionais, que terminou em terceiro lugar.<br \/>\nEm rela\u00e7\u00e3o \u00e0 prepara\u00e7\u00e3o do Jacare\u00ed para o segundo semestre, Donha revelou o seguinte: <strong>&#8220;Estamos trabalhando forte nessa nova pr\u00e9-temporada com treinos de manh\u00e3 na Academia Studio ACM Fit, no comando do personal Diego Rambaldi e do Jos\u00e9 Cl\u00e1udio, e no Profit Studio, com o Rafael Franco. \u00c0 tarde temos treinos com bola na quadra. Queremos fazer uma campanha diferente e encerrar o ano com uma boa fase&#8221;,\u00a0<\/strong>finalizou o goleiro jacareiense.<br \/>\n&nbsp;<br \/>\nPor Assessoria FPFS<br \/>\nCom informa\u00e7\u00f5es: Futsal em Pauta<br \/>\nFotos: Divulga\u00e7\u00e3o\/Liga Paulista de Futsal (LPF)<\/p>\n","protected":false},"excerpt":{"rendered":"<p>&nbsp; Time da regi\u00e3o do Vale do Para\u00edba, o Jacare\u00ed Futsal, apesar de n\u00e3o ter feito um grande primeiro semestre<\/p>\n","protected":false},"author":1,"featured_media":12706,"comment_status":"closed","ping_status":"open","sticky":false,"template":"","format":"standard","meta":{"footnotes":""},"categories":[29,32],"tags":[271,467,873,940,1205,1334,1380,1382,1410,1635,1897,1971,2004,2019,2230,2323,2548],"class_list":["post-12705","post","type-post","status-publish","format-standard","has-post-thumbnail","hentry","category-interior","category-maiores","tag-arqueiro","tag-campanha","tag-donha","tag-entrevista","tag-goleiro","tag-interior","tag-jacarei","tag-jacareienses","tag-jogador-das-traves","tag-melhorar","tag-planeja","tag-primeiro","tag-quadra","tag-quatro-linhas","tag-segundo-semestre","tag-sonoras","tag-vale-do-paraiba"],"_links":{"self":[{"href":"https:\/\/www.federacaopaulistadefutsal.com.br\/novo\/wp-json\/wp\/v2\/posts\/12705","targetHints":{"allow":["GET"]}}],"collection":[{"href":"https:\/\/www.federacaopaulistadefutsal.com.br\/novo\/wp-json\/wp\/v2\/posts"}],"about":[{"href":"https:\/\/www.federacaopaulistadefutsal.com.br\/novo\/wp-json\/wp\/v2\/types\/post"}],"author":[{"embeddable":true,"href":"https:\/\/www.federacaopaulistadefutsal.com.br\/novo\/wp-json\/wp\/v2\/users\/1"}],"replies":[{"embeddable":true,"href":"https:\/\/www.federacaopaulistadefutsal.com.br\/novo\/wp-json\/wp\/v2\/comments?post=12705"}],"version-history":[{"count":0,"href":"https:\/\/www.federacaopaulistadefutsal.com.br\/novo\/wp-json\/wp\/v2\/posts\/12705\/revisions"}],"wp:featuredmedia":[{"embeddable":true,"href":"https:\/\/www.federacaopaulistadefutsal.com.br\/novo\/wp-json\/"}],"wp:attachment":[{"href":"https:\/\/www.federacaopaulistadefutsal.com.br\/novo\/wp-json\/wp\/v2\/media?parent=12705"}],"wp:term":[{"taxonomy":"category","embeddable":true,"href":"https:\/\/www.federacaopaulistadefutsal.com.br\/novo\/wp-json\/wp\/v2\/categories?post=12705"},{"taxonomy":"post_tag","embeddable":true,"href":"https:\/\/www.federacaopaulistadefutsal.com.br\/novo\/wp-json\/wp\/v2\/tags?post=12705"}],"curies":[{"name":"wp","href":"https:\/\/api.w.org\/{rel}","templated":true}]}}