{"id":12745,"date":"2016-08-14T17:40:14","date_gmt":"2016-08-14T17:40:14","guid":{"rendered":"http:\/\/www.federacaopaulistadefutsal.com.br\/?p=12745"},"modified":"2016-08-14T17:40:14","modified_gmt":"2016-08-14T17:40:14","slug":"sertaozinho-goleia-paraibuna-e-segue-em-segundo-no-paulistao","status":"publish","type":"post","link":"https:\/\/www.federacaopaulistadefutsal.com.br\/novo\/sertaozinho-goleia-paraibuna-e-segue-em-segundo-no-paulistao\/","title":{"rendered":"Sert\u00e3ozinho goleia Paraibuna e segue em segundo no Paulist\u00e3o"},"content":{"rendered":"<p>&nbsp;<br \/>\nNo \u00faltimo s\u00e1bado (13), em jogo v\u00e1lido pelo Campeonato Paulista, o Sert\u00e3ozinho Futsal recebeu o Paraibuna E.C. no gin\u00e1sio Pedro Ferreira dos Reis, o popular &#8220;Doc\u00e3o&#8221;. Diante de sua torcida, o time sertanezino venceu por goleada de 5 a 1, e com o resultado, se manteve na segunda coloca\u00e7\u00e3o no Estadual.<br \/>\nOs gols da vit\u00f3ria &#8220;el\u00e1stica&#8221; da equipe da cidade de Sert\u00e3ozinho-SP foram &#8220;anotados&#8221; por Wellington (2), \u00cdtalo, Marcelo e Luiz Carlos. A favor dos paraibunenses, o jogador Marcelo Eduardo, camisa 14, colocou a bola no fundo do &#8220;barbante&#8221;.<br \/>\nSegunda no Paulist\u00e3o, a equipe sertanezina agora est\u00e1 com 22 pontos ganhos, divididos em sete vit\u00f3rias, um empate e duas derrotas. O Paraibuna E.C., por sua vez, segue na sexta posi\u00e7\u00e3o, e somando 8 pontos, tem, ao todo, duas vit\u00f3rias, dois empates e cinco derrotas.<br \/>\nNa pr\u00f3xima rodada, o Sert\u00e3ozinho Futsal vai encarar o Vocem, de Assis-SP, no dia 27 de agosto, fora de casa, no gin\u00e1sio Professora Maria Jos\u00e9 Valverde, \u00e0s 20h00. J\u00e1 o time paraibunense tamb\u00e9m medir\u00e1 for\u00e7as com o Vocem, s\u00f3 que no s\u00e1bado (20), a partir das 19h00, em seus dom\u00ednios, no Monsenhor Benedito Calazans.<br \/>\n&nbsp;<br \/>\nPor Assessoria FPFS<br \/>\nFoto: Divulga\u00e7\u00e3o\/Renan Giorge\/Sert\u00e3ozinho Futsal<\/p>\n","protected":false},"excerpt":{"rendered":"<p>&nbsp; No \u00faltimo s\u00e1bado (13), em jogo v\u00e1lido pelo Campeonato Paulista, o Sert\u00e3ozinho Futsal recebeu o Paraibuna E.C. no gin\u00e1sio<\/p>\n","protected":false},"author":1,"featured_media":12748,"comment_status":"closed","ping_status":"open","sticky":false,"template":"","format":"standard","meta":{"footnotes":""},"categories":[9,29,32],"tags":[868,924,975,42,1201,1334,1812,1835,1839,2224,2292,2603],"class_list":["post-12745","post","type-post","status-publish","format-standard","has-post-thumbnail","hentry","category-estadual-principal","category-interior","category-maiores","tag-docao","tag-em-casa","tag-estadual","tag-fpfs","tag-goleada","tag-interior","tag-paraibuna","tag-paulista","tag-paulistao","tag-segunda-colocacao","tag-sertaozinho","tag-vitoria"],"_links":{"self":[{"href":"https:\/\/www.federacaopaulistadefutsal.com.br\/novo\/wp-json\/wp\/v2\/posts\/12745","targetHints":{"allow":["GET"]}}],"collection":[{"href":"https:\/\/www.federacaopaulistadefutsal.com.br\/novo\/wp-json\/wp\/v2\/posts"}],"about":[{"href":"https:\/\/www.federacaopaulistadefutsal.com.br\/novo\/wp-json\/wp\/v2\/types\/post"}],"author":[{"embeddable":true,"href":"https:\/\/www.federacaopaulistadefutsal.com.br\/novo\/wp-json\/wp\/v2\/users\/1"}],"replies":[{"embeddable":true,"href":"https:\/\/www.federacaopaulistadefutsal.com.br\/novo\/wp-json\/wp\/v2\/comments?post=12745"}],"version-history":[{"count":0,"href":"https:\/\/www.federacaopaulistadefutsal.com.br\/novo\/wp-json\/wp\/v2\/posts\/12745\/revisions"}],"wp:featuredmedia":[{"embeddable":true,"href":"https:\/\/www.federacaopaulistadefutsal.com.br\/novo\/wp-json\/"}],"wp:attachment":[{"href":"https:\/\/www.federacaopaulistadefutsal.com.br\/novo\/wp-json\/wp\/v2\/media?parent=12745"}],"wp:term":[{"taxonomy":"category","embeddable":true,"href":"https:\/\/www.federacaopaulistadefutsal.com.br\/novo\/wp-json\/wp\/v2\/categories?post=12745"},{"taxonomy":"post_tag","embeddable":true,"href":"https:\/\/www.federacaopaulistadefutsal.com.br\/novo\/wp-json\/wp\/v2\/tags?post=12745"}],"curies":[{"name":"wp","href":"https:\/\/api.w.org\/{rel}","templated":true}]}}