{"id":12767,"date":"2016-08-15T11:30:03","date_gmt":"2016-08-15T11:30:03","guid":{"rendered":"http:\/\/www.federacaopaulistadefutsal.com.br\/?p=12767"},"modified":"2016-08-15T11:30:03","modified_gmt":"2016-08-15T11:30:03","slug":"corinthians-encara-alaf-visando-se-manter-entre-os-primeiros-na-lnf","status":"publish","type":"post","link":"https:\/\/www.federacaopaulistadefutsal.com.br\/novo\/corinthians-encara-alaf-visando-se-manter-entre-os-primeiros-na-lnf\/","title":{"rendered":"Corinthians encara ALAF visando se manter entre os primeiros na LNF"},"content":{"rendered":"<p>&nbsp;<br \/>\nVisando terminar a primeira fase da Liga Nacional entre os melhores colocados, o Corinthians, do t\u00e9cnico Andr\u00e9 Bi\u00e9, vai receber a ALAF, do Rio Grande do Sul. O jogo, v\u00e1lido pela 18\u00aa rodada da competi\u00e7\u00e3o, est\u00e1 marcado para acontecer a partir das 19h15, no gin\u00e1sio do Parque S\u00e3o Jorge, em S\u00e3o Paulo-SP.<br \/>\nPela competi\u00e7\u00e3o, a principal das quadras no Brasil, o alvinegro est\u00e1 na 6\u00aa coloca\u00e7\u00e3o, e somando 27 pontos, tem oito vit\u00f3rias, tr\u00eas empates e cinco derrotas. Em situa\u00e7\u00e3o oposta na tabela, o time ga\u00facho ocupa a 18\u00aa posi\u00e7\u00e3o, com 12 pontos ganhos, divididos em uma vit\u00f3ria, nove empates e seis derrotas.<br \/>\nO Tim\u00e3o vem de vit\u00f3ria contra o Marreco, do Paran\u00e1, pelo placar de 3 a 1, em confronto no Parque S\u00e3o Jorge. A ALAF (RS), por sua vez, perdeu em casa para o Guarapuava (PR) por 4 a 2, no Univates, em Lajeado-RS.<br \/>\n<strong>&#8220;O jogo \u00e9 de extrema import\u00e2ncia para a pr\u00f3xima fase da Liga e para continuarmos evoluindo. Todos sabemos do peso de decidir em casa. A parada para Copa do Mundo vai possibilitar \u00e0 equipe ganhar mais entrosamento. O Bi\u00e9 est\u00e1 trabalhando muito forte as jogadas de bola parada e marca\u00e7\u00e3o, detalhes que podem nos ajudar a ganhar partidas&#8221;,\u00a0<\/strong>declarou Careca, goleiro do Corinthians, sobre a import\u00e2ncia da partida de logo mais \u00e0 noite.<br \/>\n&nbsp;<br \/>\nPor Assessoria FPFS<br \/>\nCom informa\u00e7\u00f5es: Ag\u00eancia Corinthians\/Liga Nacional de Futsal (LNF)<br \/>\nFoto: Divulga\u00e7\u00e3o\/Ag\u00eancia Corinthians<br \/>\n&nbsp;<\/p>\n","protected":false},"excerpt":{"rendered":"<p>&nbsp; Visando terminar a primeira fase da Liga Nacional entre os melhores colocados, o Corinthians, do t\u00e9cnico Andr\u00e9 Bi\u00e9, vai<\/p>\n","protected":false},"author":1,"featured_media":12769,"comment_status":"closed","ping_status":"open","sticky":false,"template":"","format":"standard","meta":{"footnotes":""},"categories":[30,32],"tags":[191,203,734,1178,1418,1523,1546,1709,1824,1969,2123,2457],"class_list":["post-12767","post","type-post","status-publish","format-standard","has-post-thumbnail","hentry","category-liga-nacional-de-futsal","category-maiores","tag-alaf","tag-alvinegro","tag-corinthians","tag-gauchos","tag-jogo","tag-liga-nacional","tag-lnf","tag-nacional","tag-partida","tag-primeiras-colocacoes","tag-rio-grande-do-sul","tag-timao"],"_links":{"self":[{"href":"https:\/\/www.federacaopaulistadefutsal.com.br\/novo\/wp-json\/wp\/v2\/posts\/12767","targetHints":{"allow":["GET"]}}],"collection":[{"href":"https:\/\/www.federacaopaulistadefutsal.com.br\/novo\/wp-json\/wp\/v2\/posts"}],"about":[{"href":"https:\/\/www.federacaopaulistadefutsal.com.br\/novo\/wp-json\/wp\/v2\/types\/post"}],"author":[{"embeddable":true,"href":"https:\/\/www.federacaopaulistadefutsal.com.br\/novo\/wp-json\/wp\/v2\/users\/1"}],"replies":[{"embeddable":true,"href":"https:\/\/www.federacaopaulistadefutsal.com.br\/novo\/wp-json\/wp\/v2\/comments?post=12767"}],"version-history":[{"count":0,"href":"https:\/\/www.federacaopaulistadefutsal.com.br\/novo\/wp-json\/wp\/v2\/posts\/12767\/revisions"}],"wp:featuredmedia":[{"embeddable":true,"href":"https:\/\/www.federacaopaulistadefutsal.com.br\/novo\/wp-json\/"}],"wp:attachment":[{"href":"https:\/\/www.federacaopaulistadefutsal.com.br\/novo\/wp-json\/wp\/v2\/media?parent=12767"}],"wp:term":[{"taxonomy":"category","embeddable":true,"href":"https:\/\/www.federacaopaulistadefutsal.com.br\/novo\/wp-json\/wp\/v2\/categories?post=12767"},{"taxonomy":"post_tag","embeddable":true,"href":"https:\/\/www.federacaopaulistadefutsal.com.br\/novo\/wp-json\/wp\/v2\/tags?post=12767"}],"curies":[{"name":"wp","href":"https:\/\/api.w.org\/{rel}","templated":true}]}}