{"id":12828,"date":"2016-08-17T10:47:43","date_gmt":"2016-08-17T10:47:43","guid":{"rendered":"http:\/\/www.federacaopaulistadefutsal.com.br\/?p=12828"},"modified":"2016-08-17T10:47:43","modified_gmt":"2016-08-17T10:47:43","slug":"de-volta-ao-futsal-paulista-ala-japa-acerta-com-atletico-guarulhense","status":"publish","type":"post","link":"https:\/\/www.federacaopaulistadefutsal.com.br\/novo\/de-volta-ao-futsal-paulista-ala-japa-acerta-com-atletico-guarulhense\/","title":{"rendered":"De volta ao futsal paulista, ala &quot;Japa&quot; acerta com Atl\u00e9tico Guarulhense"},"content":{"rendered":"<p>&nbsp;<br \/>\nAp\u00f3s passagem pela Assaf, do Rio Grande do Sul, Luiz Henrique, o popular &#8220;Japa&#8221;, est\u00e1 de volta ao futsal paulista, desta vez, para defender a camisa do Atl\u00e9tico Guarulhense. O jogador, que atua como ala nas quatro linhas, se apresentar\u00e1 ao &#8220;Galo&#8221; de Guarulhos-SP nesta quarta-feira (17).<br \/>\nAl\u00e9m da equipe ga\u00facha, &#8220;Japa&#8221; tamb\u00e9m mostrou suas habilidades com a bola pela A.A. Pinhal, time que disputa as competi\u00e7\u00f5es da Federa\u00e7\u00e3o Paulista de Futsal (FPFS). Com o Guarulhense, o atleta das quadras competir\u00e1 na Copa Paulista, segundo principal torneio no estado de S\u00e3o Paulo.<br \/>\n<strong>&#8220;Estou motivado em voltar ao meu Estado (S\u00e3o Paulo), principalmente por disputar uma competi\u00e7\u00e3o t\u00e3o importante como a Copa Paulista&#8221;,\u00a0<\/strong>declarou &#8220;Japa&#8221;.<br \/>\n&nbsp;<br \/>\nPor Assessoria FPFS<br \/>\nCom informa\u00e7\u00f5es: Futsal em Pauta<br \/>\nFoto: Reprodu\u00e7\u00e3o\/Futsal em Pauta<\/p>\n","protected":false},"excerpt":{"rendered":"<p>&nbsp; Ap\u00f3s passagem pela Assaf, do Rio Grande do Sul, Luiz Henrique, o popular &#8220;Japa&#8221;, est\u00e1 de volta ao futsal<\/p>\n","protected":false},"author":1,"featured_media":12831,"comment_status":"closed","ping_status":"open","sticky":false,"template":"","format":"standard","meta":{"footnotes":""},"categories":[23,32],"tags":[190,308,311,718,1165,1245,1247,1388,1409,1645,1719,2019,2062],"class_list":["post-12828","post","type-post","status-publish","format-standard","has-post-thumbnail","hentry","category-copa-paulista","category-maiores","tag-ala","tag-atleta","tag-atletico","tag-copa-paulista","tag-galo","tag-guarulhense","tag-guarulhos","tag-japa","tag-jogador","tag-mercado","tag-negociacoes","tag-quatro-linhas","tag-reforco"],"_links":{"self":[{"href":"https:\/\/www.federacaopaulistadefutsal.com.br\/novo\/wp-json\/wp\/v2\/posts\/12828","targetHints":{"allow":["GET"]}}],"collection":[{"href":"https:\/\/www.federacaopaulistadefutsal.com.br\/novo\/wp-json\/wp\/v2\/posts"}],"about":[{"href":"https:\/\/www.federacaopaulistadefutsal.com.br\/novo\/wp-json\/wp\/v2\/types\/post"}],"author":[{"embeddable":true,"href":"https:\/\/www.federacaopaulistadefutsal.com.br\/novo\/wp-json\/wp\/v2\/users\/1"}],"replies":[{"embeddable":true,"href":"https:\/\/www.federacaopaulistadefutsal.com.br\/novo\/wp-json\/wp\/v2\/comments?post=12828"}],"version-history":[{"count":0,"href":"https:\/\/www.federacaopaulistadefutsal.com.br\/novo\/wp-json\/wp\/v2\/posts\/12828\/revisions"}],"wp:featuredmedia":[{"embeddable":true,"href":"https:\/\/www.federacaopaulistadefutsal.com.br\/novo\/wp-json\/"}],"wp:attachment":[{"href":"https:\/\/www.federacaopaulistadefutsal.com.br\/novo\/wp-json\/wp\/v2\/media?parent=12828"}],"wp:term":[{"taxonomy":"category","embeddable":true,"href":"https:\/\/www.federacaopaulistadefutsal.com.br\/novo\/wp-json\/wp\/v2\/categories?post=12828"},{"taxonomy":"post_tag","embeddable":true,"href":"https:\/\/www.federacaopaulistadefutsal.com.br\/novo\/wp-json\/wp\/v2\/tags?post=12828"}],"curies":[{"name":"wp","href":"https:\/\/api.w.org\/{rel}","templated":true}]}}