{"id":12846,"date":"2016-08-18T11:20:29","date_gmt":"2016-08-18T11:20:29","guid":{"rendered":"http:\/\/www.federacaopaulistadefutsal.com.br\/?p=12846"},"modified":"2016-08-18T11:20:29","modified_gmt":"2016-08-18T11:20:29","slug":"time-da-cidade-de-orlandia-sp-adc-intelli-inaugura-seu-mais-novo-ct","status":"publish","type":"post","link":"https:\/\/www.federacaopaulistadefutsal.com.br\/novo\/time-da-cidade-de-orlandia-sp-adc-intelli-inaugura-seu-mais-novo-ct\/","title":{"rendered":"Time da cidade de Orl\u00e2ndia-SP, ADC Intelli inaugura seu mais novo CT"},"content":{"rendered":"<p>&nbsp;<br \/>\nTime da cidade de Orl\u00e2ndia-SP, a ADC Intelli inaugurou, na semana passada, seu mais novo Centro de Treinamento. Casa da equipe orlandina, o gin\u00e1sio Maur\u00edcio Leite de Moraes passa por reformas, e por conta disso, os comandados do t\u00e9cnico Cid\u00e3o realizavam treinos em outros locais; mas agora poder\u00e3o trabalhar, diariamente, t\u00e1ticas no CT.<br \/>\n<strong>&#8220;V\u00ednhamos alternando nossos trabalhos de quadra em um gin\u00e1sio municipal em Orl\u00e2ndia-SP, no gin\u00e1sio do Centro Universit\u00e1rio Claretiano, em Batatais-SP, e no gin\u00e1sio do Col\u00e9gio Marista, em Ribeir\u00e3o Preto-SP.\u00a0Todos foram de suma import\u00e2ncia para que o trabalho prosseguisse, mas ter a nossa casa \u00e9 sempre interessante. Neste novo CT conseguimos implementar v\u00e1rias ideias, al\u00e9m de oferecer uma boa estrutura aos atletas&#8221;,\u00a0<\/strong>declarou Carlos Silva, supervisor da ADC Intelli\/Orl\u00e2ndia.<br \/>\nA mais nova quadra orlandina possui dimens\u00f5es oficiais nas \u00e1reas de jogo e recuo de escape. Al\u00e9m disso, o CT tem, tamb\u00e9m, amplo vesti\u00e1rio para os atletas das quatro linhas.<br \/>\n&nbsp;<br \/>\nPor Assessoria FPFS<br \/>\nCom informa\u00e7\u00f5es: ADC Intelli\/Futsal em Pauta<br \/>\nFoto: Divulga\u00e7\u00e3o\/ Luan Amaral\/ADC Intelli<\/p>\n","protected":false},"excerpt":{"rendered":"<p>&nbsp; Time da cidade de Orl\u00e2ndia-SP, a ADC Intelli inaugurou, na semana passada, seu mais novo Centro de Treinamento. Casa<\/p>\n","protected":false},"author":1,"featured_media":12848,"comment_status":"closed","ping_status":"open","sticky":false,"template":"","format":"standard","meta":{"footnotes":""},"categories":[25,29,32],"tags":[527,571,595,764,940,1291,1323,1334,1789,1791,2322,2371],"class_list":["post-12846","post","type-post","status-publish","format-standard","has-post-thumbnail","hentry","category-destaques","category-interior","category-maiores","tag-carlos-silva","tag-centro-de-treinamento","tag-cidao","tag-ct","tag-entrevista","tag-inauguracao","tag-intelli","tag-interior","tag-orlandia","tag-orlandinos","tag-sonora","tag-supervisor"],"_links":{"self":[{"href":"https:\/\/www.federacaopaulistadefutsal.com.br\/novo\/wp-json\/wp\/v2\/posts\/12846","targetHints":{"allow":["GET"]}}],"collection":[{"href":"https:\/\/www.federacaopaulistadefutsal.com.br\/novo\/wp-json\/wp\/v2\/posts"}],"about":[{"href":"https:\/\/www.federacaopaulistadefutsal.com.br\/novo\/wp-json\/wp\/v2\/types\/post"}],"author":[{"embeddable":true,"href":"https:\/\/www.federacaopaulistadefutsal.com.br\/novo\/wp-json\/wp\/v2\/users\/1"}],"replies":[{"embeddable":true,"href":"https:\/\/www.federacaopaulistadefutsal.com.br\/novo\/wp-json\/wp\/v2\/comments?post=12846"}],"version-history":[{"count":0,"href":"https:\/\/www.federacaopaulistadefutsal.com.br\/novo\/wp-json\/wp\/v2\/posts\/12846\/revisions"}],"wp:featuredmedia":[{"embeddable":true,"href":"https:\/\/www.federacaopaulistadefutsal.com.br\/novo\/wp-json\/"}],"wp:attachment":[{"href":"https:\/\/www.federacaopaulistadefutsal.com.br\/novo\/wp-json\/wp\/v2\/media?parent=12846"}],"wp:term":[{"taxonomy":"category","embeddable":true,"href":"https:\/\/www.federacaopaulistadefutsal.com.br\/novo\/wp-json\/wp\/v2\/categories?post=12846"},{"taxonomy":"post_tag","embeddable":true,"href":"https:\/\/www.federacaopaulistadefutsal.com.br\/novo\/wp-json\/wp\/v2\/tags?post=12846"}],"curies":[{"name":"wp","href":"https:\/\/api.w.org\/{rel}","templated":true}]}}