{"id":12895,"date":"2016-08-22T11:04:24","date_gmt":"2016-08-22T11:04:24","guid":{"rendered":"http:\/\/www.federacaopaulistadefutsal.com.br\/?p=12895"},"modified":"2016-08-22T11:04:24","modified_gmt":"2016-08-22T11:04:24","slug":"liga-cruzeirense-vence-sebastianense-e-agora-e-terceira-no-piratininga","status":"publish","type":"post","link":"https:\/\/www.federacaopaulistadefutsal.com.br\/novo\/liga-cruzeirense-vence-sebastianense-e-agora-e-terceira-no-piratininga\/","title":{"rendered":"Liga Cruzeirense vence Sebastianense e agora \u00e9 terceira no Piratininga"},"content":{"rendered":"<p>&nbsp;<br \/>\nNo \u00faltimo s\u00e1bado (20), em jogo v\u00e1lido pelo Trof\u00e9u Piratininga, segundo semestre, a Liga Cruzeirense de Futebol de Sal\u00e3o mediu for\u00e7as com a Liga Sebastianense de Futsal no Centro Regional de Eventos, em S\u00e3o Jos\u00e9 do Rio Preto-SP. A equipe da Liga Cruzeirense levou a melhor, bateu a Sebastianense pelo placar de 5 a 2, e com o resultado, foi parar na terceira coloca\u00e7\u00e3o.<br \/>\nOs gols da vit\u00f3ria foram &#8220;anotados&#8221; pelos seguintes jogadores: Jefferson, Rodrigo, F\u00e1bio, que balan\u00e7ou a rede duas vezes, e por fim, Matheus. A favor do time de S\u00e3o Sebasti\u00e3o-SP, Eduardo e Anderson colocaram a &#8220;redonda&#8221; no fundo do &#8220;barbante&#8221;.<br \/>\nAgora na terceira posi\u00e7\u00e3o, a Liga Cruzeirense de Futebol de Sal\u00e3o tem 3 pontos ganhos, divididos em uma vit\u00f3ria e duas derrotas. A Liga Sebastianense de Futsal, por sua vez, ainda n\u00e3o pontuou, e em dois jogos disputados, soma duas derrotas.<br \/>\nO pr\u00f3ximo desafio da equipe representante de Cruzeiro-SP ser\u00e1 diante da Liga Sanjoanense de F.S., no s\u00e1bado (27), \u00e0s 18h00, no gin\u00e1sio CSU, na cidade de Francisco Morato-SP. O time de S\u00e3o Sebasti\u00e3o-SP vai encarar a Liga Reg. de Futebol de Sal\u00e3o do Litoral Paulista, tamb\u00e9m no s\u00e1bado (27), a partir das 19h00, no Tejereba, em Guaruj\u00e1-SP.<br \/>\n&nbsp;<br \/>\nPor Assessoria FPFS<br \/>\n&nbsp;<\/p>\n","protected":false},"excerpt":{"rendered":"<p>&nbsp; No \u00faltimo s\u00e1bado (20), em jogo v\u00e1lido pelo Trof\u00e9u Piratininga, segundo semestre, a Liga Cruzeirense de Futebol de Sal\u00e3o<\/p>\n","protected":false},"author":1,"featured_media":12879,"comment_status":"closed","ping_status":"open","sticky":false,"template":"","format":"standard","meta":{"footnotes":""},"categories":[32,40],"tags":[597,648,756,1072,42,1418,1534,1824,1887,2160,2220,2473,2500,2603],"class_list":["post-12895","post","type-post","status-publish","format-standard","has-post-thumbnail","hentry","category-maiores","category-trofeu-piratininga","tag-cinco","tag-competicao","tag-cruzeirense","tag-final-de-semana","tag-fpfs","tag-jogo","tag-ligas","tag-partida","tag-piratininga","tag-sabado","tag-sebastianense","tag-torneio","tag-trofeu","tag-vitoria"],"_links":{"self":[{"href":"https:\/\/www.federacaopaulistadefutsal.com.br\/novo\/wp-json\/wp\/v2\/posts\/12895","targetHints":{"allow":["GET"]}}],"collection":[{"href":"https:\/\/www.federacaopaulistadefutsal.com.br\/novo\/wp-json\/wp\/v2\/posts"}],"about":[{"href":"https:\/\/www.federacaopaulistadefutsal.com.br\/novo\/wp-json\/wp\/v2\/types\/post"}],"author":[{"embeddable":true,"href":"https:\/\/www.federacaopaulistadefutsal.com.br\/novo\/wp-json\/wp\/v2\/users\/1"}],"replies":[{"embeddable":true,"href":"https:\/\/www.federacaopaulistadefutsal.com.br\/novo\/wp-json\/wp\/v2\/comments?post=12895"}],"version-history":[{"count":0,"href":"https:\/\/www.federacaopaulistadefutsal.com.br\/novo\/wp-json\/wp\/v2\/posts\/12895\/revisions"}],"wp:featuredmedia":[{"embeddable":true,"href":"https:\/\/www.federacaopaulistadefutsal.com.br\/novo\/wp-json\/"}],"wp:attachment":[{"href":"https:\/\/www.federacaopaulistadefutsal.com.br\/novo\/wp-json\/wp\/v2\/media?parent=12895"}],"wp:term":[{"taxonomy":"category","embeddable":true,"href":"https:\/\/www.federacaopaulistadefutsal.com.br\/novo\/wp-json\/wp\/v2\/categories?post=12895"},{"taxonomy":"post_tag","embeddable":true,"href":"https:\/\/www.federacaopaulistadefutsal.com.br\/novo\/wp-json\/wp\/v2\/tags?post=12895"}],"curies":[{"name":"wp","href":"https:\/\/api.w.org\/{rel}","templated":true}]}}