{"id":12986,"date":"2016-08-25T11:10:08","date_gmt":"2016-08-25T11:10:08","guid":{"rendered":"http:\/\/www.federacaopaulistadefutsal.com.br\/?p=12986"},"modified":"2016-08-25T11:10:08","modified_gmt":"2016-08-25T11:10:08","slug":"na-prorrogacao-sao-jose-segura-rival-taboao-e-avanca-a-grande-final","status":"publish","type":"post","link":"https:\/\/www.federacaopaulistadefutsal.com.br\/novo\/na-prorrogacao-sao-jose-segura-rival-taboao-e-avanca-a-grande-final\/","title":{"rendered":"Na prorroga\u00e7\u00e3o, S\u00e3o Jos\u00e9 &quot;segura&quot; rival Tabo\u00e3o e avan\u00e7a \u00e0 grande final"},"content":{"rendered":"<p>&nbsp;<br \/>\nNa noite da \u00faltima quarta-feira (24), em partida de volta v\u00e1lida pelas semifinais do Campeonato Metropolitano Feminino, o S\u00e3o Jos\u00e9\/Inst. Buzzo Sports recebeu o C.A. Tabo\u00e3o da Serra no gin\u00e1sio Bruno Marques da Silva, na regi\u00e3o do Vale do Para\u00edba. Diante de sua torcida, as joseenses, que haviam perdido o primeiro duelo por 3 a 1, devolveram o resultado pelo mesmo placar no segundo, e empatando na prorroga\u00e7\u00e3o por 0 a 0, avan\u00e7aram \u00e0 grande final.<br \/>\nNo tempo normal, os gols da vit\u00f3ria do time de S\u00e3o Jos\u00e9 dos Campos-SP foram &#8220;anotados&#8221; por L\u00edvia, Ta\u00eds e Camila. A favor das taboanenses, Larissa, camisa 8, colocou a bola no fundo do &#8220;barbante&#8221;, mas n\u00e3o p\u00f4de evitar a elimina\u00e7\u00e3o da equipe de Tabo\u00e3o da Serra-SP.<br \/>\nAgora, as joseenses, comandadas pelo t\u00e9cnico Marcos Derrico, v\u00e3o encarar o S\u00e3o Caetano Futsal, que bateu o Primeiro de Maio F.C., na final\u00edssima do Campeonato Metropolitano Feminino. As datas e os hor\u00e1rios dos decisivos confrontos entre os times ser\u00e3o divulgados pela Federa\u00e7\u00e3o Paulista de Futsal (FPFS), que organiza a competi\u00e7\u00e3o das quadras.<br \/>\n&nbsp;<br \/>\nPor Assessoria FPFS<br \/>\nFoto: Divulga\u00e7\u00e3o\/S\u00e3o Jos\u00e9 Futsal Feminino<\/p>\n","protected":false},"excerpt":{"rendered":"<p>&nbsp; Na noite da \u00faltima quarta-feira (24), em partida de volta v\u00e1lida pelas semifinais do Campeonato Metropolitano Feminino, o S\u00e3o<\/p>\n","protected":false},"author":1,"featured_media":12987,"comment_status":"closed","ping_status":"open","sticky":false,"template":"","format":"standard","meta":{"footnotes":""},"categories":[25,26,29,32,27],"tags":[608,611,929,1046,1334,1418,1650,1824,1991,2198,2263,2390,2603],"class_list":["post-12986","post","type-post","status-publish","format-standard","has-post-thumbnail","hentry","category-destaques","category-feminino","category-interior","category-maiores","category-metropolitano-feminino","tag-classico","tag-classificacao","tag-empate","tag-feminino","tag-interior","tag-jogo","tag-metropolitano","tag-partida","tag-prorrogacao","tag-sao-jose","tag-semifinais","tag-taboao-da-serra","tag-vitoria"],"_links":{"self":[{"href":"https:\/\/www.federacaopaulistadefutsal.com.br\/novo\/wp-json\/wp\/v2\/posts\/12986","targetHints":{"allow":["GET"]}}],"collection":[{"href":"https:\/\/www.federacaopaulistadefutsal.com.br\/novo\/wp-json\/wp\/v2\/posts"}],"about":[{"href":"https:\/\/www.federacaopaulistadefutsal.com.br\/novo\/wp-json\/wp\/v2\/types\/post"}],"author":[{"embeddable":true,"href":"https:\/\/www.federacaopaulistadefutsal.com.br\/novo\/wp-json\/wp\/v2\/users\/1"}],"replies":[{"embeddable":true,"href":"https:\/\/www.federacaopaulistadefutsal.com.br\/novo\/wp-json\/wp\/v2\/comments?post=12986"}],"version-history":[{"count":0,"href":"https:\/\/www.federacaopaulistadefutsal.com.br\/novo\/wp-json\/wp\/v2\/posts\/12986\/revisions"}],"wp:featuredmedia":[{"embeddable":true,"href":"https:\/\/www.federacaopaulistadefutsal.com.br\/novo\/wp-json\/"}],"wp:attachment":[{"href":"https:\/\/www.federacaopaulistadefutsal.com.br\/novo\/wp-json\/wp\/v2\/media?parent=12986"}],"wp:term":[{"taxonomy":"category","embeddable":true,"href":"https:\/\/www.federacaopaulistadefutsal.com.br\/novo\/wp-json\/wp\/v2\/categories?post=12986"},{"taxonomy":"post_tag","embeddable":true,"href":"https:\/\/www.federacaopaulistadefutsal.com.br\/novo\/wp-json\/wp\/v2\/tags?post=12986"}],"curies":[{"name":"wp","href":"https:\/\/api.w.org\/{rel}","templated":true}]}}