{"id":13041,"date":"2016-08-27T11:10:58","date_gmt":"2016-08-27T11:10:58","guid":{"rendered":"http:\/\/www.federacaopaulistadefutsal.com.br\/?p=13041"},"modified":"2016-08-27T11:10:58","modified_gmt":"2016-08-27T11:10:58","slug":"intelli-vence-alaf-e-termina-primeira-fase-da-lnf-na-lideranca","status":"publish","type":"post","link":"https:\/\/www.federacaopaulistadefutsal.com.br\/novo\/intelli-vence-alaf-e-termina-primeira-fase-da-lnf-na-lideranca\/","title":{"rendered":"Intelli vence ALAF e termina primeira fase da LNF na lideran\u00e7a"},"content":{"rendered":"<p>&nbsp;<br \/>\nJogando no gin\u00e1sio S\u00e9rgio Zacarelli, na cidade de Bebedouro-SP, na \u00faltima sexta-feira (26), a ADC Intelli\/Orl\u00e2ndia encarou a ALAF, do Rio Grande do Sul, pela 19\u00aa rodada da Liga Nacional. Comandado pelo t\u00e9cnico Cid\u00e3o, o time paulista levou a melhor, bateu o ga\u00facho pelo placar de 5 a 3, e com o resultado, terminou a primeira fase na lideran\u00e7a da competi\u00e7\u00e3o.<br \/>\nOs gols da equipe orlandina foram marcados por Edson, Cabre\u00fava, Trentin (contra), Thiago Cabe\u00e7a e Gadeia. A favor do time do sul, da cidade de Lajeado-RS, os jogadores Carl\u00e3o e Trentin (2) colocaram a &#8220;redonda&#8221; no fundo da rede, mas n\u00e3o conseguiram evitar a derrota dos visitantes.<br \/>\nPrimeira colocada na Liga Nacional, a ADC Intelli\/Orl\u00e2ndia fez, ao todo, 37 pontos na primeira fase, divididos em onze vit\u00f3rias, quatro empates e apenas tr\u00eas derrotas. Agora, a equipe do treinador Cid\u00e3o medir\u00e1 for\u00e7as com o Minas (MG) nas oitavas de final do torneio, o principal das quadras no Brasil.<br \/>\nAs partidas entre os times paulista e mineiro devem acontecer apenas nos dias 07 e 14 de outubro, j\u00e1 que agora o futsal no pa\u00eds &#8220;parar\u00e1&#8221; por conta da Copa do Mundo. Os locais e hor\u00e1rios dos confrontos ser\u00e3o divulgados pela LNF.<br \/>\n&nbsp;<br \/>\nPor Assessoria FPFS<br \/>\nCom informa\u00e7\u00f5es: ADC Intelli<br \/>\nFoto: Divulga\u00e7\u00e3o\/ Luan Amaral\/ADC Intelli<\/p>\n","protected":false},"excerpt":{"rendered":"<p>&nbsp; Jogando no gin\u00e1sio S\u00e9rgio Zacarelli, na cidade de Bebedouro-SP, na \u00faltima sexta-feira (26), a ADC Intelli\/Orl\u00e2ndia encarou a ALAF,<\/p>\n","protected":false},"author":1,"featured_media":13043,"comment_status":"closed","ping_status":"open","sticky":false,"template":"","format":"standard","meta":{"footnotes":""},"categories":[25,29,30,32],"tags":[191,372,1178,1323,1334,1418,1483,1512,1523,1546,1709,1789,1791,1824,2123,2445,2513,2603],"class_list":["post-13041","post","type-post","status-publish","format-standard","has-post-thumbnail","hentry","category-destaques","category-interior","category-liga-nacional-de-futsal","category-maiores","tag-alaf","tag-bebedouro","tag-gauchos","tag-intelli","tag-interior","tag-jogo","tag-lajeado","tag-lideranca","tag-liga-nacional","tag-lnf","tag-nacional","tag-orlandia","tag-orlandinos","tag-partida","tag-rio-grande-do-sul","tag-termina","tag-ultima-rodada","tag-vitoria"],"_links":{"self":[{"href":"https:\/\/www.federacaopaulistadefutsal.com.br\/novo\/wp-json\/wp\/v2\/posts\/13041","targetHints":{"allow":["GET"]}}],"collection":[{"href":"https:\/\/www.federacaopaulistadefutsal.com.br\/novo\/wp-json\/wp\/v2\/posts"}],"about":[{"href":"https:\/\/www.federacaopaulistadefutsal.com.br\/novo\/wp-json\/wp\/v2\/types\/post"}],"author":[{"embeddable":true,"href":"https:\/\/www.federacaopaulistadefutsal.com.br\/novo\/wp-json\/wp\/v2\/users\/1"}],"replies":[{"embeddable":true,"href":"https:\/\/www.federacaopaulistadefutsal.com.br\/novo\/wp-json\/wp\/v2\/comments?post=13041"}],"version-history":[{"count":0,"href":"https:\/\/www.federacaopaulistadefutsal.com.br\/novo\/wp-json\/wp\/v2\/posts\/13041\/revisions"}],"wp:featuredmedia":[{"embeddable":true,"href":"https:\/\/www.federacaopaulistadefutsal.com.br\/novo\/wp-json\/"}],"wp:attachment":[{"href":"https:\/\/www.federacaopaulistadefutsal.com.br\/novo\/wp-json\/wp\/v2\/media?parent=13041"}],"wp:term":[{"taxonomy":"category","embeddable":true,"href":"https:\/\/www.federacaopaulistadefutsal.com.br\/novo\/wp-json\/wp\/v2\/categories?post=13041"},{"taxonomy":"post_tag","embeddable":true,"href":"https:\/\/www.federacaopaulistadefutsal.com.br\/novo\/wp-json\/wp\/v2\/tags?post=13041"}],"curies":[{"name":"wp","href":"https:\/\/api.w.org\/{rel}","templated":true}]}}