{"id":13051,"date":"2016-08-28T22:00:10","date_gmt":"2016-08-28T22:00:10","guid":{"rendered":"http:\/\/www.federacaopaulistadefutsal.com.br\/?p=13051"},"modified":"2016-08-28T22:00:10","modified_gmt":"2016-08-28T22:00:10","slug":"jogando-fora-de-casa-sertaozinho-empata-com-vocem-pelo-paulistao","status":"publish","type":"post","link":"https:\/\/www.federacaopaulistadefutsal.com.br\/novo\/jogando-fora-de-casa-sertaozinho-empata-com-vocem-pelo-paulistao\/","title":{"rendered":"Jogando fora de casa, Sert\u00e3ozinho empata com Vocem pelo Paulist\u00e3o"},"content":{"rendered":"<p>&nbsp;<br \/>\nNo \u00faltimo s\u00e1bado (27), em jogo v\u00e1lido pelo Campeonato Paulista, o Sert\u00e3ozinho Futsal enfrentou o\u00a0Vocem\/Autarquia Mun. de E. de Assis fora de casa, no gin\u00e1sio Maria Jos\u00e9 da Silva Valverde, em Assis-SP. Em um confronto equilibrado nas quatro linhas, o time sertanezino empatou pelo placar de 2 a 2.<br \/>\nOs gols da equipe visitante foram &#8220;anotados&#8221; pelos seguintes jogadores: Luiz Carlos e Jean. A favor dos donos da casa, Luiz Guilherme, camisa 3, balan\u00e7ou o &#8220;barbante&#8221; em duas oportunidades.<br \/>\nCom o resultado, o Sert\u00e3ozinho Futsal pulou da quarta para a terceira coloca\u00e7\u00e3o no Paulist\u00e3o, e somando 23 pontos, tem sete vit\u00f3rias, dois empates e duas derrotas. O\u00a0Vocem\/Autarquia Mun. de E. de Assis, por sua vez, lidera o Estadual, com 31 pontos ganhos, divididos em dez vit\u00f3rias, um empate e apenas uma derrota.<br \/>\nNa pr\u00f3xima rodada do Paulista, o time sertanezino vai encarar o PROMESP Aruj\u00e1\/Uni\u00e3o Arujaense no s\u00e1bado (03), \u00e0s 20h00, no gin\u00e1sio Presidente Ciro I, da FPFS, em S\u00e3o Paulo-SP. A equipe de Assis-SP tamb\u00e9m medir\u00e1 for\u00e7as com o PROMESP Aruj\u00e1\/Uni\u00e3o Arujaense, s\u00f3 que no dia 08 de setembro, a partir das 20h00, novamente no Maria Jos\u00e9 da Silva Valverde.<br \/>\n&nbsp;<br \/>\nPor Assessoria FPFS<br \/>\nFoto: Divulga\u00e7\u00e3o\/Sert\u00e3ozinho Futsal<\/p>\n","protected":false},"excerpt":{"rendered":"<p>&nbsp; No \u00faltimo s\u00e1bado (27), em jogo v\u00e1lido pelo Campeonato Paulista, o Sert\u00e3ozinho Futsal enfrentou o\u00a0Vocem\/Autarquia Mun. de E. de<\/p>\n","protected":false},"author":1,"featured_media":13052,"comment_status":"closed","ping_status":"open","sticky":false,"template":"","format":"standard","meta":{"footnotes":""},"categories":[9,29,32],"tags":[289,648,929,975,1103,42,1334,1418,1824,1835,1839,2290,2292,2607],"class_list":["post-13051","post","type-post","status-publish","format-standard","has-post-thumbnail","hentry","category-estadual-principal","category-interior","category-maiores","tag-assis","tag-competicao","tag-empate","tag-estadual","tag-fora-de-casa","tag-fpfs","tag-interior","tag-jogo","tag-partida","tag-paulista","tag-paulistao","tag-sertanezinos","tag-sertaozinho","tag-vocem"],"_links":{"self":[{"href":"https:\/\/www.federacaopaulistadefutsal.com.br\/novo\/wp-json\/wp\/v2\/posts\/13051","targetHints":{"allow":["GET"]}}],"collection":[{"href":"https:\/\/www.federacaopaulistadefutsal.com.br\/novo\/wp-json\/wp\/v2\/posts"}],"about":[{"href":"https:\/\/www.federacaopaulistadefutsal.com.br\/novo\/wp-json\/wp\/v2\/types\/post"}],"author":[{"embeddable":true,"href":"https:\/\/www.federacaopaulistadefutsal.com.br\/novo\/wp-json\/wp\/v2\/users\/1"}],"replies":[{"embeddable":true,"href":"https:\/\/www.federacaopaulistadefutsal.com.br\/novo\/wp-json\/wp\/v2\/comments?post=13051"}],"version-history":[{"count":0,"href":"https:\/\/www.federacaopaulistadefutsal.com.br\/novo\/wp-json\/wp\/v2\/posts\/13051\/revisions"}],"wp:featuredmedia":[{"embeddable":true,"href":"https:\/\/www.federacaopaulistadefutsal.com.br\/novo\/wp-json\/"}],"wp:attachment":[{"href":"https:\/\/www.federacaopaulistadefutsal.com.br\/novo\/wp-json\/wp\/v2\/media?parent=13051"}],"wp:term":[{"taxonomy":"category","embeddable":true,"href":"https:\/\/www.federacaopaulistadefutsal.com.br\/novo\/wp-json\/wp\/v2\/categories?post=13051"},{"taxonomy":"post_tag","embeddable":true,"href":"https:\/\/www.federacaopaulistadefutsal.com.br\/novo\/wp-json\/wp\/v2\/tags?post=13051"}],"curies":[{"name":"wp","href":"https:\/\/api.w.org\/{rel}","templated":true}]}}