{"id":13075,"date":"2016-08-30T11:00:41","date_gmt":"2016-08-30T11:00:41","guid":{"rendered":"http:\/\/www.federacaopaulistadefutsal.com.br\/?p=13075"},"modified":"2016-08-30T11:00:41","modified_gmt":"2016-08-30T11:00:41","slug":"pelo-estadual-molecada-da-botucatuense-mediu-forcas-com-palmeiras","status":"publish","type":"post","link":"https:\/\/www.federacaopaulistadefutsal.com.br\/novo\/pelo-estadual-molecada-da-botucatuense-mediu-forcas-com-palmeiras\/","title":{"rendered":"Pelo Estadual, molecada da Botucatuense mediu for\u00e7as com Palmeiras"},"content":{"rendered":"<p>&nbsp;<br \/>\nNo \u00faltimo s\u00e1bado (27), jogando no gin\u00e1sio Fernando Douglas \u00c2ngela, em Botucatu-SP, a A.A. Botucatuense enfrentou a molecada do Palmeiras. Nas partidas, pelas categorias sub-10, 12, 14, 16 e 17 e v\u00e1lidas pelo Campeonato Estadual, a garotada fez, e muitos, gols em quadra. Confira os resultados!<br \/>\n<strong>Sub-10 &#8211;<\/strong> A.A. Botucatuense 0 x 22 Palmeiras<br \/>\n<strong>Sub-12 &#8211;\u00a0<\/strong>A.A. Botucatuense 1 x 1 Palmeiras<br \/>\n<strong>Sub-14 &#8211;\u00a0<\/strong>A.A. Botucatuense 0 x 9 Palmeiras<br \/>\n<strong>Sub-16 &#8211;\u00a0<\/strong>A.A. Botucatuense 1 x 2 Palmeiras<br \/>\n<strong>Sub-17 &#8211;\u00a0<\/strong>A.A. Botucatuense 1 x 12 Palmeiras<br \/>\nAgora, a molecada da &#8220;Veterana&#8221; de Botucatu-SP medir\u00e1 for\u00e7as com o S\u00e3o Jos\u00e9\/Atleta Cidad\u00e3o na pr\u00f3xima rodada do Estadual. As partidas entre os times, pelas categorias sub-10, 12, 14, 16 e 17, est\u00e3o marcadas para acontecer no pr\u00f3ximo s\u00e1bado (03), no gin\u00e1sio do T\u00eanis Clube, na cidade de S\u00e3o Jos\u00e9 dos Campos-SP.<br \/>\n&nbsp;<br \/>\nPor Assessoria FPFS<br \/>\nCom informa\u00e7\u00f5es e foto: Erick Facioli\/A.A. Botucatuense<\/p>\n","protected":false},"excerpt":{"rendered":"<p>&nbsp; No \u00faltimo s\u00e1bado (27), jogando no gin\u00e1sio Fernando Douglas \u00c2ngela, em Botucatu-SP, a A.A. Botucatuense enfrentou a molecada do<\/p>\n","protected":false},"author":1,"featured_media":13076,"comment_status":"closed","ping_status":"open","sticky":false,"template":"","format":"standard","meta":{"footnotes":""},"categories":[8,33],"tags":[409,410,975,1171,1202,1424,1642,1643,1684,1806,1825,2101,2160,2573,2577],"class_list":["post-13075","post","type-post","status-publish","format-standard","has-post-thumbnail","hentry","category-estadual-base-a1","category-menores","tag-botucatu","tag-botucatuense","tag-estadual","tag-garotada","tag-goleadas","tag-jogos","tag-meninos","tag-menores-2","tag-molecada","tag-palmeiras","tag-partidas","tag-resultados","tag-sabado","tag-verdao","tag-veterana"],"_links":{"self":[{"href":"https:\/\/www.federacaopaulistadefutsal.com.br\/novo\/wp-json\/wp\/v2\/posts\/13075","targetHints":{"allow":["GET"]}}],"collection":[{"href":"https:\/\/www.federacaopaulistadefutsal.com.br\/novo\/wp-json\/wp\/v2\/posts"}],"about":[{"href":"https:\/\/www.federacaopaulistadefutsal.com.br\/novo\/wp-json\/wp\/v2\/types\/post"}],"author":[{"embeddable":true,"href":"https:\/\/www.federacaopaulistadefutsal.com.br\/novo\/wp-json\/wp\/v2\/users\/1"}],"replies":[{"embeddable":true,"href":"https:\/\/www.federacaopaulistadefutsal.com.br\/novo\/wp-json\/wp\/v2\/comments?post=13075"}],"version-history":[{"count":0,"href":"https:\/\/www.federacaopaulistadefutsal.com.br\/novo\/wp-json\/wp\/v2\/posts\/13075\/revisions"}],"wp:featuredmedia":[{"embeddable":true,"href":"https:\/\/www.federacaopaulistadefutsal.com.br\/novo\/wp-json\/"}],"wp:attachment":[{"href":"https:\/\/www.federacaopaulistadefutsal.com.br\/novo\/wp-json\/wp\/v2\/media?parent=13075"}],"wp:term":[{"taxonomy":"category","embeddable":true,"href":"https:\/\/www.federacaopaulistadefutsal.com.br\/novo\/wp-json\/wp\/v2\/categories?post=13075"},{"taxonomy":"post_tag","embeddable":true,"href":"https:\/\/www.federacaopaulistadefutsal.com.br\/novo\/wp-json\/wp\/v2\/tags?post=13075"}],"curies":[{"name":"wp","href":"https:\/\/api.w.org\/{rel}","templated":true}]}}