{"id":13146,"date":"2016-09-01T21:46:25","date_gmt":"2016-09-01T21:46:25","guid":{"rendered":"http:\/\/www.federacaopaulistadefutsal.com.br\/?p=13146"},"modified":"2016-09-01T21:46:25","modified_gmt":"2016-09-01T21:46:25","slug":"no-ze-do-feijao-conectim-enfrenta-taboao-da-serra-pelo-paulistao","status":"publish","type":"post","link":"https:\/\/www.federacaopaulistadefutsal.com.br\/novo\/no-ze-do-feijao-conectim-enfrenta-taboao-da-serra-pelo-paulistao\/","title":{"rendered":"No &quot;Z\u00e9 do Feij\u00e3o&quot;, Conectim enfrenta Tabo\u00e3o da Serra pelo Paulist\u00e3o"},"content":{"rendered":"<p>&nbsp;<br \/>\nNo pr\u00f3ximo s\u00e1bado (03), em jogo v\u00e1lido pelo Campeonato Paulista, o Conectim Futsal\/FACIC, de Cruzeiro-SP, vai enfrentar o C.A. Tabo\u00e3o da Serra fora de casa. A partida entre os times est\u00e1 marcada para acontecer \u00e0s 19h00, no gin\u00e1sio Jos\u00e9 de Souza Sobrinho, o popular &#8220;Z\u00e9 do Feij\u00e3o&#8221;, na cidade de Tabo\u00e3o da Serra-SP.<br \/>\nPelo Paulist\u00e3o, a equipe cruzeirense vem de vit\u00f3ria contra a FS21\/Americana pelo placar de 4 a 3, jogando no Aristides Pisoni, em Americana-SP. J\u00e1 o time taboanense, diante da A. Pinhal, no Guilherme de Moraes Ribeiro, no munic\u00edpio de Esp\u00edrito Santo do Pinhal-SP, venceu por 1 a 0.<br \/>\nNa competi\u00e7\u00e3o estadual, o Conectim Futsal\/FACIC est\u00e1 na segunda coloca\u00e7\u00e3o, e somando 25 pontos ganhos, tem oito vit\u00f3rias, um empate e tr\u00eas derrotas. O Tabo\u00e3o da Serra vem logo atr\u00e1s, na terceira posi\u00e7\u00e3o, e possui 24 pontos, divididos em oito vit\u00f3rias e tr\u00eas derrotas.<br \/>\n&nbsp;<br \/>\nPor Assessoria FPFS<br \/>\nFoto: Divulga\u00e7\u00e3o\/ Conectim Futsal\/FACIC<br \/>\n&nbsp;<\/p>\n","protected":false},"excerpt":{"rendered":"<p>&nbsp; No pr\u00f3ximo s\u00e1bado (03), em jogo v\u00e1lido pelo Campeonato Paulista, o Conectim Futsal\/FACIC, de Cruzeiro-SP, vai enfrentar o C.A.<\/p>\n","protected":false},"author":1,"featured_media":13148,"comment_status":"closed","ping_status":"open","sticky":false,"template":"","format":"standard","meta":{"footnotes":""},"categories":[9,29,32],"tags":[664,758,975,1103,1334,1418,1824,1835,1839,2390,2598],"class_list":["post-13146","post","type-post","status-publish","format-standard","has-post-thumbnail","hentry","category-estadual-principal","category-interior","category-maiores","tag-conectim","tag-cruzeiro","tag-estadual","tag-fora-de-casa","tag-interior","tag-jogo","tag-partida","tag-paulista","tag-paulistao","tag-taboao-da-serra","tag-visita"],"_links":{"self":[{"href":"https:\/\/www.federacaopaulistadefutsal.com.br\/novo\/wp-json\/wp\/v2\/posts\/13146","targetHints":{"allow":["GET"]}}],"collection":[{"href":"https:\/\/www.federacaopaulistadefutsal.com.br\/novo\/wp-json\/wp\/v2\/posts"}],"about":[{"href":"https:\/\/www.federacaopaulistadefutsal.com.br\/novo\/wp-json\/wp\/v2\/types\/post"}],"author":[{"embeddable":true,"href":"https:\/\/www.federacaopaulistadefutsal.com.br\/novo\/wp-json\/wp\/v2\/users\/1"}],"replies":[{"embeddable":true,"href":"https:\/\/www.federacaopaulistadefutsal.com.br\/novo\/wp-json\/wp\/v2\/comments?post=13146"}],"version-history":[{"count":0,"href":"https:\/\/www.federacaopaulistadefutsal.com.br\/novo\/wp-json\/wp\/v2\/posts\/13146\/revisions"}],"wp:featuredmedia":[{"embeddable":true,"href":"https:\/\/www.federacaopaulistadefutsal.com.br\/novo\/wp-json\/"}],"wp:attachment":[{"href":"https:\/\/www.federacaopaulistadefutsal.com.br\/novo\/wp-json\/wp\/v2\/media?parent=13146"}],"wp:term":[{"taxonomy":"category","embeddable":true,"href":"https:\/\/www.federacaopaulistadefutsal.com.br\/novo\/wp-json\/wp\/v2\/categories?post=13146"},{"taxonomy":"post_tag","embeddable":true,"href":"https:\/\/www.federacaopaulistadefutsal.com.br\/novo\/wp-json\/wp\/v2\/tags?post=13146"}],"curies":[{"name":"wp","href":"https:\/\/api.w.org\/{rel}","templated":true}]}}