{"id":13174,"date":"2016-09-03T11:08:14","date_gmt":"2016-09-03T11:08:14","guid":{"rendered":"http:\/\/www.federacaopaulistadefutsal.com.br\/?p=13174"},"modified":"2016-09-03T11:08:14","modified_gmt":"2016-09-03T11:08:14","slug":"no-vale-sao-jose-fica-no-empate-com-rival-taubate-pela-copa-paulista","status":"publish","type":"post","link":"https:\/\/www.federacaopaulistadefutsal.com.br\/novo\/no-vale-sao-jose-fica-no-empate-com-rival-taubate-pela-copa-paulista\/","title":{"rendered":"No Vale, S\u00e3o Jos\u00e9 fica no empate com rival Taubat\u00e9 pela Copa Paulista"},"content":{"rendered":"<p>&nbsp;<\/p>\n<p class=\"western\">Na \u00faltima sexta-feira (02), em jogo de estreia pela Copa Paulista, o S\u00e3o Jos\u00e9 Futsal\/Vale Sul\/Unimed recebeu a A.D.C. Ford\/Taubat\u00e9 no gin\u00e1sio do T\u00eanis Clube, na cidade de S\u00e3o Jos\u00e9 dos Campos-SP. No cl\u00e1ssico, equilibrado nas quatro linhas, as equipes do Vale do Para\u00edba ficaram no empate pelo placar de 2 a 2.<\/p>\n<p class=\"western\">Os gols do time joseense foram &#8220;anotados&#8221; pelos seguintes jogadores: Raul e Johnny, um dos principais artilheiros do clube na atual temporada. A favor dos visitantes, os atletas das quadras Velloso e Kaique colocaram a &#8220;redonda&#8221; no fundo da rede do goleiro Bruno Lamb\u00e3o.<\/p>\n<p class=\"western\">Agora, na pr\u00f3xima rodada da Copa Paulista, o S\u00e3o Jos\u00e9 Futsal\/Vale Sul\/Unimed vai enfrentar o Gr\u00eamio Mogiano na segunda-feira (05), a partir das 19h45, no gin\u00e1sio Jos\u00e9 Limongi Sobrinho, o popular &#8220;Botujuru&#8221;, em Mogi das Cruzes-SP. A A.D.C. Ford\/Taubat\u00e9 medir\u00e1 for\u00e7as com o Jacare\u00ed na ter\u00e7a (06), \u00e0s 19h00, na Vila Aparecida, casa dos taubateanos; ambas as partidas s\u00e3o v\u00e1lidas pelo grupo B.<\/p>\n<p class=\"western\">\n<p class=\"western\">Por Assessoria FPFS<\/p>\n<p class=\"western\">Com informa\u00e7\u00f5es: Brenno Domingues\/Quarttus Marketing<\/p>\n<p class=\"western\">Foto: Divulga\u00e7\u00e3o\/Leandro Zambianchi<\/p>\n","protected":false},"excerpt":{"rendered":"<p>&nbsp; Na \u00faltima sexta-feira (02), em jogo de estreia pela Copa Paulista, o S\u00e3o Jos\u00e9 Futsal\/Vale Sul\/Unimed recebeu a A.D.C.<\/p>\n","protected":false},"author":1,"featured_media":13176,"comment_status":"closed","ping_status":"open","sticky":false,"template":"","format":"standard","meta":{"footnotes":""},"categories":[23,29,32],"tags":[608,718,929,987,1334,1418,1447,1824,2128,2198,2414,2419,2434,2548],"class_list":["post-13174","post","type-post","status-publish","format-standard","has-post-thumbnail","hentry","category-copa-paulista","category-interior","category-maiores","tag-classico","tag-copa-paulista","tag-empate","tag-estreia","tag-interior","tag-jogo","tag-joseenses","tag-partida","tag-rivais","tag-sao-jose","tag-taubate","tag-taubateanos","tag-tenis-clube","tag-vale-do-paraiba"],"_links":{"self":[{"href":"https:\/\/www.federacaopaulistadefutsal.com.br\/novo\/wp-json\/wp\/v2\/posts\/13174","targetHints":{"allow":["GET"]}}],"collection":[{"href":"https:\/\/www.federacaopaulistadefutsal.com.br\/novo\/wp-json\/wp\/v2\/posts"}],"about":[{"href":"https:\/\/www.federacaopaulistadefutsal.com.br\/novo\/wp-json\/wp\/v2\/types\/post"}],"author":[{"embeddable":true,"href":"https:\/\/www.federacaopaulistadefutsal.com.br\/novo\/wp-json\/wp\/v2\/users\/1"}],"replies":[{"embeddable":true,"href":"https:\/\/www.federacaopaulistadefutsal.com.br\/novo\/wp-json\/wp\/v2\/comments?post=13174"}],"version-history":[{"count":0,"href":"https:\/\/www.federacaopaulistadefutsal.com.br\/novo\/wp-json\/wp\/v2\/posts\/13174\/revisions"}],"wp:featuredmedia":[{"embeddable":true,"href":"https:\/\/www.federacaopaulistadefutsal.com.br\/novo\/wp-json\/"}],"wp:attachment":[{"href":"https:\/\/www.federacaopaulistadefutsal.com.br\/novo\/wp-json\/wp\/v2\/media?parent=13174"}],"wp:term":[{"taxonomy":"category","embeddable":true,"href":"https:\/\/www.federacaopaulistadefutsal.com.br\/novo\/wp-json\/wp\/v2\/categories?post=13174"},{"taxonomy":"post_tag","embeddable":true,"href":"https:\/\/www.federacaopaulistadefutsal.com.br\/novo\/wp-json\/wp\/v2\/tags?post=13174"}],"curies":[{"name":"wp","href":"https:\/\/api.w.org\/{rel}","templated":true}]}}