{"id":13225,"date":"2016-09-06T10:16:34","date_gmt":"2016-09-06T10:16:34","guid":{"rendered":"http:\/\/www.federacaopaulistadefutsal.com.br\/?p=13225"},"modified":"2016-09-06T10:16:34","modified_gmt":"2016-09-06T10:16:34","slug":"no-botujuru-sao-jose-supera-gremio-mogiano-pela-copa-paulista","status":"publish","type":"post","link":"https:\/\/www.federacaopaulistadefutsal.com.br\/novo\/no-botujuru-sao-jose-supera-gremio-mogiano-pela-copa-paulista\/","title":{"rendered":"No &quot;Botujuru&quot;, S\u00e3o Jos\u00e9 supera Gr\u00eamio Mogiano pela Copa Paulista"},"content":{"rendered":"<p>&nbsp;<\/p>\n<p class=\"western\">Na noite da \u00faltima segunda-feira (05), em duelo v\u00e1lido pela Copa Paulista, o S\u00e3o Jos\u00e9 Futsal\/Vale Sul\/Unimed enfrentou o Gr\u00eamio Mogiano fora de casa, no gin\u00e1sio Professor Jos\u00e9 Limongi Sobrinho, o &#8220;Botujuru&#8221;, na cidade de Mogi das Cruzes-SP. Longe de sua torcida, o time joseense venceu os mandantes pelo placar de 5 a 3.<\/p>\n<p class=\"western\">Os gols da vit\u00f3ria da equipe do Vale do Para\u00edba foram marcados por Raul, que balan\u00e7ou a rede duas vezes, Vandinho, Portuga e Johnny. A favor do Mogiano, os atletas das quadras Rodrigo Mogi (2) e Felipe colocaram a &#8220;redonda&#8221; no fundo do &#8220;barbante&#8221; do goleiro Bruno Lamb\u00e3o.<\/p>\n<p class=\"western\">Com o resultado, o S\u00e3o Jos\u00e9\/Vale Sul\/Unimed lidera o grupo B da Copa Paulista, com 4 pontos ganhos: uma vit\u00f3ria e um empate. O Gr\u00eamio de Mogi, por sua vez, ainda n\u00e3o pontuou na chave, e em dois jogos disputados, tem duas derrotas.<\/p>\n<p class=\"western\">Agora, o time joseense vai encarar o Jacare\u00ed Futsal no dia 23 de setembro, \u00e0s 20h00, no gin\u00e1sio do T\u00eanis Clube, em S\u00e3o Jos\u00e9 dos Campos-SP. Em busca da reabilita\u00e7\u00e3o na competi\u00e7\u00e3o, a equipe mogiana medir\u00e1 for\u00e7as com a A.D.C. Ford\/Taubat\u00e9 no dia 30, a partir das 19h45, novamente no &#8220;Botujuru&#8221;, em Mogi das Cruzes-SP.<\/p>\n<p class=\"western\">Por Assessoria FPFS<\/p>\n<p class=\"western\">Com informa\u00e7\u00f5es e foto: Brenno Domingues\/S\u00e3o Jos\u00e9 Futsal<\/p>\n","protected":false},"excerpt":{"rendered":"<p>&nbsp; Na noite da \u00faltima segunda-feira (05), em duelo v\u00e1lido pela Copa Paulista, o S\u00e3o Jos\u00e9 Futsal\/Vale Sul\/Unimed enfrentou o<\/p>\n","protected":false},"author":1,"featured_media":13226,"comment_status":"closed","ping_status":"open","sticky":false,"template":"","format":"standard","meta":{"footnotes":""},"categories":[23,29,32],"tags":[411,718,1103,1222,1233,1418,1447,1676,1678,1680,1681,1824,2198,2548,2603],"class_list":["post-13225","post","type-post","status-publish","format-standard","has-post-thumbnail","hentry","category-copa-paulista","category-interior","category-maiores","tag-botujuru","tag-copa-paulista","tag-fora-de-casa","tag-gremio","tag-grupo-b","tag-jogo","tag-joseenses","tag-mogi","tag-mogi-das-cruzes","tag-mogiano","tag-mogianos","tag-partida","tag-sao-jose","tag-vale-do-paraiba","tag-vitoria"],"_links":{"self":[{"href":"https:\/\/www.federacaopaulistadefutsal.com.br\/novo\/wp-json\/wp\/v2\/posts\/13225","targetHints":{"allow":["GET"]}}],"collection":[{"href":"https:\/\/www.federacaopaulistadefutsal.com.br\/novo\/wp-json\/wp\/v2\/posts"}],"about":[{"href":"https:\/\/www.federacaopaulistadefutsal.com.br\/novo\/wp-json\/wp\/v2\/types\/post"}],"author":[{"embeddable":true,"href":"https:\/\/www.federacaopaulistadefutsal.com.br\/novo\/wp-json\/wp\/v2\/users\/1"}],"replies":[{"embeddable":true,"href":"https:\/\/www.federacaopaulistadefutsal.com.br\/novo\/wp-json\/wp\/v2\/comments?post=13225"}],"version-history":[{"count":0,"href":"https:\/\/www.federacaopaulistadefutsal.com.br\/novo\/wp-json\/wp\/v2\/posts\/13225\/revisions"}],"wp:featuredmedia":[{"embeddable":true,"href":"https:\/\/www.federacaopaulistadefutsal.com.br\/novo\/wp-json\/"}],"wp:attachment":[{"href":"https:\/\/www.federacaopaulistadefutsal.com.br\/novo\/wp-json\/wp\/v2\/media?parent=13225"}],"wp:term":[{"taxonomy":"category","embeddable":true,"href":"https:\/\/www.federacaopaulistadefutsal.com.br\/novo\/wp-json\/wp\/v2\/categories?post=13225"},{"taxonomy":"post_tag","embeddable":true,"href":"https:\/\/www.federacaopaulistadefutsal.com.br\/novo\/wp-json\/wp\/v2\/tags?post=13225"}],"curies":[{"name":"wp","href":"https:\/\/api.w.org\/{rel}","templated":true}]}}