{"id":13245,"date":"2016-09-07T11:47:58","date_gmt":"2016-09-07T11:47:58","guid":{"rendered":"http:\/\/www.federacaopaulistadefutsal.com.br\/?p=13245"},"modified":"2016-09-07T11:47:58","modified_gmt":"2016-09-07T11:47:58","slug":"na-vila-aparecida-a-d-c-fordtaubate-goleia-jacarei-pela-copa-paulista","status":"publish","type":"post","link":"https:\/\/www.federacaopaulistadefutsal.com.br\/novo\/na-vila-aparecida-a-d-c-fordtaubate-goleia-jacarei-pela-copa-paulista\/","title":{"rendered":"Na Vila Aparecida, A.D.C. Ford\/Taubat\u00e9 goleia Jacare\u00ed pela Copa Paulista"},"content":{"rendered":"<p>&nbsp;<br \/>\nNa noite da \u00faltima ter\u00e7a-feira (06), em jogo v\u00e1lido pela Copa Paulista de Futsal, a A.D.C. Ford\/Taubat\u00e9 recebeu o Jacare\u00ed no gin\u00e1sio da Vila Aparecida, casa dos taubateanos. Diante de sua torcida, a equipe mandante levou a melhor sobre o rival do Vale do Para\u00edba, vencendo por goleada de 5 a 0.<br \/>\nOs gols da vit\u00f3ria do time de Taubat\u00e9-SP foram &#8220;anotados&#8221; pelos seguintes jogadores: Valtinho, Andrew, que balan\u00e7ou a rede duas vezes, Joj\u00f4, e por fim, Felipe. Com os tentos marcados, a equipe comandada pelo treinador Bruno Zuchinalli chegou ao seu s\u00e9timo na competi\u00e7\u00e3o, a segunda principal das quadras no estado de S\u00e3o Paulo.<br \/>\n<strong>&#8220;T\u00ednhamos a obriga\u00e7\u00e3o de vencer em casa em uma competi\u00e7\u00e3o muito equilibrada. Tamb\u00e9m tivemos a oportunidade de utilizar todos os atletas, principalmente os mais novos, que est\u00e3o correspondendo \u00e0 altura&#8221;,\u00a0<\/strong>declarou o t\u00e9cnico da A.D.C. Ford\/Taubat\u00e9.<br \/>\n<strong>&#8220;Come\u00e7amos muito bem no torneio. Empatamos na estreia contra o S\u00e3o Jos\u00e9 e agora conseguimos fazer uma \u00f3tima partida. O treinador tamb\u00e9m fez um rod\u00edzio com o elenco e todos entraram bem no duelo&#8221;,\u00a0<\/strong>disse Joj\u00f4 ap\u00f3s a vit\u00f3ria.<br \/>\nAgora, na pr\u00f3xima rodada da Copa Paulista, o time taubateano vai enfrentar a A.D. Yoka\/AcR\/Unisal no dia 23 de setembro, a partir das 19h00, novamente no gin\u00e1sio da Vila Aparecida. Buscando a reabilita\u00e7\u00e3o no campeonato, o Jacare\u00ed Futsal medir\u00e1 for\u00e7as com o S\u00e3o Jos\u00e9\/Vale Sul\/Unimed, tamb\u00e9m no dia 23, \u00e0s 20h00, no T\u00eanis Clube, em S\u00e3o Jos\u00e9 dos Campos-SP; ambos os confrontos s\u00e3o v\u00e1lidos pelo grupo C.<br \/>\n&nbsp;<br \/>\nPor Assessoria FPFS<br \/>\nCom informa\u00e7\u00f5es: Top 10 Comunica\u00e7\u00e3o<br \/>\nFoto: Divulga\u00e7\u00e3o\/ Jonas Barbetta\/Top 10 Comunica\u00e7\u00e3o<\/p>\n","protected":false},"excerpt":{"rendered":"<p>&nbsp; Na noite da \u00faltima ter\u00e7a-feira (06), em jogo v\u00e1lido pela Copa Paulista de Futsal, a A.D.C. Ford\/Taubat\u00e9 recebeu o<\/p>\n","protected":false},"author":1,"featured_media":13246,"comment_status":"closed","ping_status":"open","sticky":false,"template":"","format":"standard","meta":{"footnotes":""},"categories":[23,29,32],"tags":[116,718,1201,1234,1334,1380,1382,1418,1824,2414,2419,2548,2587,2603],"class_list":["post-13245","post","type-post","status-publish","format-standard","has-post-thumbnail","hentry","category-copa-paulista","category-interior","category-maiores","tag-a-d-c-ford","tag-copa-paulista","tag-goleada","tag-grupo-c","tag-interior","tag-jacarei","tag-jacareienses","tag-jogo","tag-partida","tag-taubate","tag-taubateanos","tag-vale-do-paraiba","tag-vila-aparecida","tag-vitoria"],"_links":{"self":[{"href":"https:\/\/www.federacaopaulistadefutsal.com.br\/novo\/wp-json\/wp\/v2\/posts\/13245","targetHints":{"allow":["GET"]}}],"collection":[{"href":"https:\/\/www.federacaopaulistadefutsal.com.br\/novo\/wp-json\/wp\/v2\/posts"}],"about":[{"href":"https:\/\/www.federacaopaulistadefutsal.com.br\/novo\/wp-json\/wp\/v2\/types\/post"}],"author":[{"embeddable":true,"href":"https:\/\/www.federacaopaulistadefutsal.com.br\/novo\/wp-json\/wp\/v2\/users\/1"}],"replies":[{"embeddable":true,"href":"https:\/\/www.federacaopaulistadefutsal.com.br\/novo\/wp-json\/wp\/v2\/comments?post=13245"}],"version-history":[{"count":0,"href":"https:\/\/www.federacaopaulistadefutsal.com.br\/novo\/wp-json\/wp\/v2\/posts\/13245\/revisions"}],"wp:featuredmedia":[{"embeddable":true,"href":"https:\/\/www.federacaopaulistadefutsal.com.br\/novo\/wp-json\/"}],"wp:attachment":[{"href":"https:\/\/www.federacaopaulistadefutsal.com.br\/novo\/wp-json\/wp\/v2\/media?parent=13245"}],"wp:term":[{"taxonomy":"category","embeddable":true,"href":"https:\/\/www.federacaopaulistadefutsal.com.br\/novo\/wp-json\/wp\/v2\/categories?post=13245"},{"taxonomy":"post_tag","embeddable":true,"href":"https:\/\/www.federacaopaulistadefutsal.com.br\/novo\/wp-json\/wp\/v2\/tags?post=13245"}],"curies":[{"name":"wp","href":"https:\/\/api.w.org\/{rel}","templated":true}]}}