{"id":13250,"date":"2016-09-07T12:42:00","date_gmt":"2016-09-07T12:42:00","guid":{"rendered":"http:\/\/www.federacaopaulistadefutsal.com.br\/?p=13250"},"modified":"2016-09-07T12:42:00","modified_gmt":"2016-09-07T12:42:00","slug":"corinthianstiger-estreia-com-pe-direito-no-estadual-feminino-sub-20","status":"publish","type":"post","link":"https:\/\/www.federacaopaulistadefutsal.com.br\/novo\/corinthianstiger-estreia-com-pe-direito-no-estadual-feminino-sub-20\/","title":{"rendered":"Corinthians\/Tiger estreia com &quot;p\u00e9 direito&quot; no Estadual Feminino sub-20"},"content":{"rendered":"<p>&nbsp;<br \/>\nNa noite da \u00faltima segunda-feira (05), em jogo de estreia pelo Campeonato Estadual Feminino sub-20, o Corinthians\/Tiger\/Drummond enfrentou o S\u00e3o Jos\u00e9\/Inst. Buzzo Sports fora de casa, no gin\u00e1sio Bruno Marques da Silva, casa das joseenses. Longe de sua torcida, o alvinegro estreou com o &#8220;p\u00e9 direito&#8221;, batendo o time anfitri\u00e3o pelo placar de 2 a 0.<br \/>\nOs gols da vit\u00f3ria do Tim\u00e3o foram &#8220;anotados&#8221; pelas seguintes jogadoras:\u00a0Fernanda Fung e Giovanna Contri. Tentos marcados que colocaram a equipe da capital paulista na primeira coloca\u00e7\u00e3o da competi\u00e7\u00e3o, organizada pela FPFS.<br \/>\n<strong>&#8220;Quem foi ao gin\u00e1sio pode ver um jogo de alt\u00edssima qualidade. As duas equipes buscaram o gol a todo momento, fazendo com que as goleiras trabalhassem muito. Estamos no caminho certo para a classifica\u00e7\u00e3o&#8221;,\u00a0<\/strong>declarou Wagner Aparecido, t\u00e9cnico do Corinthians\/Tiger\/Drummond.<br \/>\nAgora, na pr\u00f3xima rodada do Estadual Feminino sub-20, o alvinegro medir\u00e1 for\u00e7as com o C.A. Tabo\u00e3o da Serra no dia 30 de setembro, \u00e0s 19h30, no gin\u00e1sio Presidente Ciro II, da Federa\u00e7\u00e3o Paulista de Futsal (FPFS), em S\u00e3o Paulo-SP. Segundo colocado, o S\u00e3o Jos\u00e9\/Inst. Buzzo Sports tamb\u00e9m vai encarar o time taboanense, s\u00f3 que no dia 25, a partir das 12h00, no Bruno Marques da Silva.<br \/>\n&nbsp;<br \/>\nPor Assessoria FPFS<br \/>\nCom informa\u00e7\u00f5es e foto: Assessoria de Imprensa\/ Corinthians\/Tiger<br \/>\n&nbsp;<\/p>\n","protected":false},"excerpt":{"rendered":"<p>&nbsp; Na noite da \u00faltima segunda-feira (05), em jogo de estreia pelo Campeonato Estadual Feminino sub-20, o Corinthians\/Tiger\/Drummond enfrentou o<\/p>\n","protected":false},"author":1,"featured_media":13252,"comment_status":"closed","ping_status":"open","sticky":false,"template":"","format":"standard","meta":{"footnotes":""},"categories":[16,26,32],"tags":[203,734,975,987,1046,1103,1418,1447,1641,1824,1849,2198,2352,2456,2457,2603],"class_list":["post-13250","post","type-post","status-publish","format-standard","has-post-thumbnail","hentry","category-a1-paulista-feminino-sub-20","category-feminino","category-maiores","tag-alvinegro","tag-corinthians","tag-estadual","tag-estreia","tag-feminino","tag-fora-de-casa","tag-jogo","tag-joseenses","tag-meninas","tag-partida","tag-pe-direito","tag-sao-jose","tag-sub-20","tag-tiger","tag-timao","tag-vitoria"],"_links":{"self":[{"href":"https:\/\/www.federacaopaulistadefutsal.com.br\/novo\/wp-json\/wp\/v2\/posts\/13250","targetHints":{"allow":["GET"]}}],"collection":[{"href":"https:\/\/www.federacaopaulistadefutsal.com.br\/novo\/wp-json\/wp\/v2\/posts"}],"about":[{"href":"https:\/\/www.federacaopaulistadefutsal.com.br\/novo\/wp-json\/wp\/v2\/types\/post"}],"author":[{"embeddable":true,"href":"https:\/\/www.federacaopaulistadefutsal.com.br\/novo\/wp-json\/wp\/v2\/users\/1"}],"replies":[{"embeddable":true,"href":"https:\/\/www.federacaopaulistadefutsal.com.br\/novo\/wp-json\/wp\/v2\/comments?post=13250"}],"version-history":[{"count":0,"href":"https:\/\/www.federacaopaulistadefutsal.com.br\/novo\/wp-json\/wp\/v2\/posts\/13250\/revisions"}],"wp:featuredmedia":[{"embeddable":true,"href":"https:\/\/www.federacaopaulistadefutsal.com.br\/novo\/wp-json\/"}],"wp:attachment":[{"href":"https:\/\/www.federacaopaulistadefutsal.com.br\/novo\/wp-json\/wp\/v2\/media?parent=13250"}],"wp:term":[{"taxonomy":"category","embeddable":true,"href":"https:\/\/www.federacaopaulistadefutsal.com.br\/novo\/wp-json\/wp\/v2\/categories?post=13250"},{"taxonomy":"post_tag","embeddable":true,"href":"https:\/\/www.federacaopaulistadefutsal.com.br\/novo\/wp-json\/wp\/v2\/tags?post=13250"}],"curies":[{"name":"wp","href":"https:\/\/api.w.org\/{rel}","templated":true}]}}