{"id":13260,"date":"2016-09-08T14:52:35","date_gmt":"2016-09-08T14:52:35","guid":{"rendered":"http:\/\/www.federacaopaulistadefutsal.com.br\/?p=13260"},"modified":"2016-09-08T14:52:35","modified_gmt":"2016-09-08T14:52:35","slug":"molecada-do-osasco-consegue-duas-vitorias-contra-indaiatubana","status":"publish","type":"post","link":"https:\/\/www.federacaopaulistadefutsal.com.br\/novo\/molecada-do-osasco-consegue-duas-vitorias-contra-indaiatubana\/","title":{"rendered":"Molecada do Osasco consegue duas vit\u00f3rias contra Indaiatubana"},"content":{"rendered":"<p>&nbsp;<br \/>\nNa \u00faltima quarta-feira (07), em jogos v\u00e1lidos pelo Campeonato Estadual, as equipes de menores do C.S.S. II Ex\u00e9rcito\/Osasco, categorias sub-10, 12, 14, 16 e 17, receberam a molecada da A.D. Indaiatubana no gin\u00e1sio Sebasti\u00e3o Rafael da Silva, o &#8220;Geod\u00e9sico&#8221;. Diante de sua torcida, o time osasquense conseguiu duas vit\u00f3rias e dois empates, tendo uma derrota. Confira os resultados!<br \/>\n<strong>Sub-10 &#8211;\u00a0<\/strong>C.S.S. II Ex\u00e9rcito\/Osasco 3 x 0 A.D. Indaiatubana<br \/>\n<strong>Sub-12 &#8211;\u00a0<\/strong>C.S.S. II Ex\u00e9rcito\/Osasco 2 x 2 A.D. Indaiatubana<br \/>\n<strong>Sub-14 &#8211;\u00a0<\/strong>C.S.S. II Ex\u00e9rcito\/Osasco 8 x 0 A.D. Indaiatubana<br \/>\n<strong>Sub-16 &#8211;\u00a0<\/strong>C.S.S. II Ex\u00e9rcito\/Osasco 3 x 3 A.D. Indaiatubana<br \/>\n<strong>Sub-17 &#8211;\u00a0<\/strong>C.S.S. II Ex\u00e9rcito\/Osasco 1 x 2 A.D. Indaiatubana<br \/>\nCom os resultados, em quatro rodadas pelo Estadual, a equipe de Osasco-SP conquistou, ao todo, onze vit\u00f3rias, tr\u00eas empates e apenas uma derrota em 15 jogos disputados. O pr\u00f3ximo compromisso da garotada osasquense pela competi\u00e7\u00e3o ser\u00e1 contra a A.A.B.B., de S\u00e3o Paulo-SP.<br \/>\nAs partidas entre os times, pelas categorias sub-10, 12, 14, 16 e 17, est\u00e3o marcadas para acontecer no s\u00e1bado (10), a partir das 14h00, no gin\u00e1sio Presidente Ciro II, da Federa\u00e7\u00e3o Paulista de Futsal (FPFS), na capital.<br \/>\n&nbsp;<br \/>\nPor Assessoria FPFS<br \/>\nCom informa\u00e7\u00f5es e foto: Ana Luisa Rodrigues\/SEREL de Osasco<\/p>\n","protected":false},"excerpt":{"rendered":"<p>&nbsp; Na \u00faltima quarta-feira (07), em jogos v\u00e1lidos pelo Campeonato Estadual, as equipes de menores do C.S.S. II Ex\u00e9rcito\/Osasco, categorias<\/p>\n","protected":false},"author":1,"featured_media":13262,"comment_status":"closed","ping_status":"open","sticky":false,"template":"","format":"standard","meta":{"footnotes":""},"categories":[8,33],"tags":[807,930,975,1171,1298,1301,1424,1643,1684,1792,1793,1825,1835,2604],"class_list":["post-13260","post","type-post","status-publish","format-standard","has-post-thumbnail","hentry","category-estadual-base-a1","category-menores","tag-derrota","tag-empates","tag-estadual","tag-garotada","tag-indaiatubana","tag-indaiatubanos","tag-jogos","tag-menores-2","tag-molecada","tag-osasco","tag-osasquenses","tag-partidas","tag-paulista","tag-vitorias"],"_links":{"self":[{"href":"https:\/\/www.federacaopaulistadefutsal.com.br\/novo\/wp-json\/wp\/v2\/posts\/13260","targetHints":{"allow":["GET"]}}],"collection":[{"href":"https:\/\/www.federacaopaulistadefutsal.com.br\/novo\/wp-json\/wp\/v2\/posts"}],"about":[{"href":"https:\/\/www.federacaopaulistadefutsal.com.br\/novo\/wp-json\/wp\/v2\/types\/post"}],"author":[{"embeddable":true,"href":"https:\/\/www.federacaopaulistadefutsal.com.br\/novo\/wp-json\/wp\/v2\/users\/1"}],"replies":[{"embeddable":true,"href":"https:\/\/www.federacaopaulistadefutsal.com.br\/novo\/wp-json\/wp\/v2\/comments?post=13260"}],"version-history":[{"count":0,"href":"https:\/\/www.federacaopaulistadefutsal.com.br\/novo\/wp-json\/wp\/v2\/posts\/13260\/revisions"}],"wp:featuredmedia":[{"embeddable":true,"href":"https:\/\/www.federacaopaulistadefutsal.com.br\/novo\/wp-json\/"}],"wp:attachment":[{"href":"https:\/\/www.federacaopaulistadefutsal.com.br\/novo\/wp-json\/wp\/v2\/media?parent=13260"}],"wp:term":[{"taxonomy":"category","embeddable":true,"href":"https:\/\/www.federacaopaulistadefutsal.com.br\/novo\/wp-json\/wp\/v2\/categories?post=13260"},{"taxonomy":"post_tag","embeddable":true,"href":"https:\/\/www.federacaopaulistadefutsal.com.br\/novo\/wp-json\/wp\/v2\/tags?post=13260"}],"curies":[{"name":"wp","href":"https:\/\/api.w.org\/{rel}","templated":true}]}}