{"id":13269,"date":"2016-09-08T15:54:15","date_gmt":"2016-09-08T15:54:15","guid":{"rendered":"http:\/\/www.federacaopaulistadefutsal.com.br\/?p=13269"},"modified":"2016-09-08T15:54:15","modified_gmt":"2016-09-08T15:54:15","slug":"fora-de-casa-intelli-encara-dracenatempersul-pela-copa-paulista","status":"publish","type":"post","link":"https:\/\/www.federacaopaulistadefutsal.com.br\/novo\/fora-de-casa-intelli-encara-dracenatempersul-pela-copa-paulista\/","title":{"rendered":"Fora de casa, Intelli encara Dracena\/Tempersul pela Copa Paulista"},"content":{"rendered":"<p>&nbsp;<br \/>\nNa pr\u00f3xima sexta-feira (09), em confronto v\u00e1lido pela Copa Paulista de Futsal, a ADC Intelli\/Orl\u00e2ndia vai encarar o Dracena\/Tempersul fora de casa. O jogo entre as equipes do interior, pelo grupo A, est\u00e1 marcado para acontecer a partir das 20h00, no gin\u00e1sio Alaor Ferrari, mando dos dracenenses.<br \/>\nPela competi\u00e7\u00e3o, a segunda principal das quadras em S\u00e3o Paulo, o time orlandino vem de vit\u00f3ria contra a A.A. Pompeia pelo placar de 3 a 2, em duelo que ocorreu no S\u00e9rgio Baptista Zacarelli, em Bebedouro-SP. A equipe da cidade de Dracena-SP tamb\u00e9m bateu os pompeianos na estreia, e por 3 a 1, na Arena de Esportes e Eventos, em Pompeia-SP.<br \/>\nAl\u00e9m de ADC Intelli\/Orl\u00e2ndia e Dracena\/Tempersul, a chave A conta com A.A. Pompeia e A.A. FIB, da cidade de Bauru-SP. O time orlandino, campe\u00e3o da Copa Paulista em 2015, vai em busca do bicampeonato na atual temporada.<br \/>\n&nbsp;<br \/>\nPor Assessoria FPFS<br \/>\nFoto: Divulga\u00e7\u00e3o\/ Luan Amaral\/ADC Intelli<\/p>\n","protected":false},"excerpt":{"rendered":"<p>&nbsp; Na pr\u00f3xima sexta-feira (09), em confronto v\u00e1lido pela Copa Paulista de Futsal, a ADC Intelli\/Orl\u00e2ndia vai encarar o Dracena\/Tempersul<\/p>\n","protected":false},"author":1,"featured_media":13271,"comment_status":"closed","ping_status":"open","sticky":false,"template":"","format":"standard","meta":{"footnotes":""},"categories":[23,29,32],"tags":[648,718,877,881,1103,1232,1323,1334,1418,1789,1791,1824],"class_list":["post-13269","post","type-post","status-publish","format-standard","has-post-thumbnail","hentry","category-copa-paulista","category-interior","category-maiores","tag-competicao","tag-copa-paulista","tag-dracena","tag-dracenenses","tag-fora-de-casa","tag-grupo-a","tag-intelli","tag-interior","tag-jogo","tag-orlandia","tag-orlandinos","tag-partida"],"_links":{"self":[{"href":"https:\/\/www.federacaopaulistadefutsal.com.br\/novo\/wp-json\/wp\/v2\/posts\/13269","targetHints":{"allow":["GET"]}}],"collection":[{"href":"https:\/\/www.federacaopaulistadefutsal.com.br\/novo\/wp-json\/wp\/v2\/posts"}],"about":[{"href":"https:\/\/www.federacaopaulistadefutsal.com.br\/novo\/wp-json\/wp\/v2\/types\/post"}],"author":[{"embeddable":true,"href":"https:\/\/www.federacaopaulistadefutsal.com.br\/novo\/wp-json\/wp\/v2\/users\/1"}],"replies":[{"embeddable":true,"href":"https:\/\/www.federacaopaulistadefutsal.com.br\/novo\/wp-json\/wp\/v2\/comments?post=13269"}],"version-history":[{"count":0,"href":"https:\/\/www.federacaopaulistadefutsal.com.br\/novo\/wp-json\/wp\/v2\/posts\/13269\/revisions"}],"wp:featuredmedia":[{"embeddable":true,"href":"https:\/\/www.federacaopaulistadefutsal.com.br\/novo\/wp-json\/"}],"wp:attachment":[{"href":"https:\/\/www.federacaopaulistadefutsal.com.br\/novo\/wp-json\/wp\/v2\/media?parent=13269"}],"wp:term":[{"taxonomy":"category","embeddable":true,"href":"https:\/\/www.federacaopaulistadefutsal.com.br\/novo\/wp-json\/wp\/v2\/categories?post=13269"},{"taxonomy":"post_tag","embeddable":true,"href":"https:\/\/www.federacaopaulistadefutsal.com.br\/novo\/wp-json\/wp\/v2\/tags?post=13269"}],"curies":[{"name":"wp","href":"https:\/\/api.w.org\/{rel}","templated":true}]}}