{"id":13289,"date":"2016-09-09T11:24:11","date_gmt":"2016-09-09T11:24:11","guid":{"rendered":"http:\/\/www.federacaopaulistadefutsal.com.br\/?p=13289"},"modified":"2016-09-09T11:24:11","modified_gmt":"2016-09-09T11:24:11","slug":"comandada-por-serginho-selecao-brasileira-inicia-treinos-na-colombia","status":"publish","type":"post","link":"https:\/\/www.federacaopaulistadefutsal.com.br\/novo\/comandada-por-serginho-selecao-brasileira-inicia-treinos-na-colombia\/","title":{"rendered":"Comandada por Serginho, Sele\u00e7\u00e3o Brasileira inicia treinos na Col\u00f4mbia"},"content":{"rendered":"<p>&nbsp;<br \/>\nNa \u00faltima quinta-feira (08), na cidade de Bucaramanga, na Col\u00f4mbia, sede da Copa do Mundo 2016, a Sele\u00e7\u00e3o Brasileira oficialmente realizou seu primeiro treino. Comandada pelo t\u00e9cnico Serginho Schiochet, a equipe verde e amarela, que buscar\u00e1 o octa do Mundial, realizou atividades como press\u00e3o na sa\u00edda de bola, jogadas de contra-ataque e, por fim, bola parada.<br \/>\n<strong>&#8220;Temos pouco tempo de trabalho por aqui e precisamos adaptar ao m\u00e1ximo nossos treinos para aproveitar da melhor forma poss\u00edvel. O grupo est\u00e1 focado e pronto para superar as adversidades que possam surgir. Estou bastante confiante e tenho certeza que os atletas est\u00e3o em boas condi\u00e7\u00f5es para defender o Brasil nesta Copa do Mundo, que promete ser a edi\u00e7\u00e3o mais equilibrada dos \u00faltimos tempos&#8221;,\u00a0<\/strong>declarou o treinador do time brasileiro.<br \/>\n<strong>O Brasil na Copa do Mundo 2016 \u00a0<\/strong><br \/>\nNo grupo D da competi\u00e7\u00e3o, a Sele\u00e7\u00e3o Brasileira estrear\u00e1 diante da Ucr\u00e2nia no dia 11 de setembro, \u00e0s 20h00, no Coliseo Bicentenario, em Bucaramanga, na Col\u00f4mbia.\u00a0Al\u00e9m da partida contra o time ucraniano, o Brasil vai enfrentar Austr\u00e1lia, no dia 14, e Mo\u00e7ambique, no dia 17, na primeira fase do Mundial.<br \/>\n<strong>Os convocados de Serginho para a Copa \u00a0\u00a0<\/strong><br \/>\n<strong>Goleiros:<\/strong> Guitta (Corinthians &#8211; SP), Tiago (Magnus &#8211; SP) e Gian (Intelli &#8211; SP);<br \/>\n<strong>Fixos:<\/strong> Rafael Rato (InterMovistar &#8211; Espanha), Ari (Dynamo &#8211; R\u00fassia) e Rodrigo (Magnus &#8211; SP);<br \/>\n<strong>Alas:<\/strong> Xuxa (Jec\/Krona &#8211; SC), Bateria (Barcelona &#8211; Espanha), Jackson (Intelli &#8211; SP), Falc\u00e3o (Magnus &#8211; SP) e Dyego (Barcelona &#8211; Espanha);<br \/>\n<strong>Piv\u00f4s:<\/strong> J\u00e9 (Kairat &#8211; Cazaquist\u00e3o), Fernandinho (Dynamo &#8211; R\u00fassia) e Dieguinho (Sporting &#8211; Portugal).<br \/>\n&nbsp;<br \/>\nPor Assessoria FPFS<br \/>\nCom informa\u00e7\u00f5es: CBFS<br \/>\nFoto: Divulga\u00e7\u00e3o\/ Luis Domingues\/CBFS<\/p>\n","protected":false},"excerpt":{"rendered":"<p>&nbsp; Na \u00faltima quinta-feira (08), na cidade de Bucaramanga, na Col\u00f4mbia, sede da Copa do Mundo 2016, a Sele\u00e7\u00e3o Brasileira<\/p>\n","protected":false},"author":1,"featured_media":13291,"comment_status":"closed","ping_status":"open","sticky":false,"template":"","format":"standard","meta":{"footnotes":""},"categories":[25,32,35],"tags":[419,422,633,710,940,1702,2039,2218,2239,2270,2322,2422,2485,2490],"class_list":["post-13289","post","type-post","status-publish","format-standard","has-post-thumbnail","hentry","category-destaques","category-maiores","category-selecao","tag-brasil","tag-brasileira","tag-colombia","tag-copa-do-mundo","tag-entrevista","tag-mundial","tag-realiza","tag-schiochet","tag-selecao","tag-serginho","tag-sonora","tag-tecnico","tag-treinador","tag-treino"],"_links":{"self":[{"href":"https:\/\/www.federacaopaulistadefutsal.com.br\/novo\/wp-json\/wp\/v2\/posts\/13289","targetHints":{"allow":["GET"]}}],"collection":[{"href":"https:\/\/www.federacaopaulistadefutsal.com.br\/novo\/wp-json\/wp\/v2\/posts"}],"about":[{"href":"https:\/\/www.federacaopaulistadefutsal.com.br\/novo\/wp-json\/wp\/v2\/types\/post"}],"author":[{"embeddable":true,"href":"https:\/\/www.federacaopaulistadefutsal.com.br\/novo\/wp-json\/wp\/v2\/users\/1"}],"replies":[{"embeddable":true,"href":"https:\/\/www.federacaopaulistadefutsal.com.br\/novo\/wp-json\/wp\/v2\/comments?post=13289"}],"version-history":[{"count":0,"href":"https:\/\/www.federacaopaulistadefutsal.com.br\/novo\/wp-json\/wp\/v2\/posts\/13289\/revisions"}],"wp:featuredmedia":[{"embeddable":true,"href":"https:\/\/www.federacaopaulistadefutsal.com.br\/novo\/wp-json\/"}],"wp:attachment":[{"href":"https:\/\/www.federacaopaulistadefutsal.com.br\/novo\/wp-json\/wp\/v2\/media?parent=13289"}],"wp:term":[{"taxonomy":"category","embeddable":true,"href":"https:\/\/www.federacaopaulistadefutsal.com.br\/novo\/wp-json\/wp\/v2\/categories?post=13289"},{"taxonomy":"post_tag","embeddable":true,"href":"https:\/\/www.federacaopaulistadefutsal.com.br\/novo\/wp-json\/wp\/v2\/tags?post=13289"}],"curies":[{"name":"wp","href":"https:\/\/api.w.org\/{rel}","templated":true}]}}