{"id":13325,"date":"2016-09-10T18:44:11","date_gmt":"2016-09-10T18:44:11","guid":{"rendered":"http:\/\/www.federacaopaulistadefutsal.com.br\/?p=13325"},"modified":"2016-09-10T18:44:11","modified_gmt":"2016-09-10T18:44:11","slug":"jogando-fora-de-casa-intelli-vence-segunda-na-copa-paulista","status":"publish","type":"post","link":"https:\/\/www.federacaopaulistadefutsal.com.br\/novo\/jogando-fora-de-casa-intelli-vence-segunda-na-copa-paulista\/","title":{"rendered":"Jogando fora de casa, Intelli vence segunda na Copa Paulista"},"content":{"rendered":"<p>&nbsp;<br \/>\nJogando fora de casa, no gin\u00e1sio Alaor Ferrari, em Dracena-SP, na \u00faltima sexta-feira (09), a ADC Intelli\/Orl\u00e2ndia encarou o Dracena\/Tempersul em partida v\u00e1lida pela Copa Paulista de Futsal. Comandado pelo t\u00e9cnico Cid\u00e3o, o time orlandino venceu o dracenense pelo placar de 2 a 0.<br \/>\nOs gols da vit\u00f3ria da equipe gren\u00e1 foram &#8220;anotados&#8221; pelos seguintes jogadores: Douglas, no primeiro tempo, e Thiago Cabe\u00e7a, na etapa complementar. Com os tentos marcados, o time de Orl\u00e2ndia-SP chegou ao seu 5\u00ba, em dois confrontos, na competi\u00e7\u00e3o das quadras.<br \/>\nCom o resultado, a ADC Intelli\/Orl\u00e2ndia assumiu a lideran\u00e7a no grupo A da Copa Paulista de Futsal. O pr\u00f3ximo desafio dos orlandinos no torneio ser\u00e1 diante da A.A. FIB, de Bauru-SP.<br \/>\nA partida entre as equipes de Orl\u00e2ndia-SP e bauruense est\u00e1 marcada para acontecer na ter\u00e7a-feira (13), \u00e0s 19h30, no gin\u00e1sio S\u00e9rgio Baptista Zacarelli, em Bebedouro-SP. Ap\u00f3s a derrota, o Dracena\/Tempersul tamb\u00e9m medir\u00e1 for\u00e7as com a A.A. FIB pela competi\u00e7\u00e3o, s\u00f3 que no dia 26 de setembro, a partir das 20h00, no Alaor Ferrari.<br \/>\n&nbsp;<br \/>\nPor Assessoria FPFS<br \/>\nCom informa\u00e7\u00f5es: ADC Intelli<br \/>\nFoto: Divulga\u00e7\u00e3o\/ Luan Amaral\/ADC Intelli<\/p>\n","protected":false},"excerpt":{"rendered":"<p>&nbsp; Jogando fora de casa, no gin\u00e1sio Alaor Ferrari, em Dracena-SP, na \u00faltima sexta-feira (09), a ADC Intelli\/Orl\u00e2ndia encarou o<\/p>\n","protected":false},"author":1,"featured_media":13327,"comment_status":"closed","ping_status":"open","sticky":false,"template":"","format":"standard","meta":{"footnotes":""},"categories":[23,29,32],"tags":[682,718,877,881,1103,1323,1334,1418,1789,1791,1824,2223,2603],"class_list":["post-13325","post","type-post","status-publish","format-standard","has-post-thumbnail","hentry","category-copa-paulista","category-interior","category-maiores","tag-consecutiva","tag-copa-paulista","tag-dracena","tag-dracenenses","tag-fora-de-casa","tag-intelli","tag-interior","tag-jogo","tag-orlandia","tag-orlandinos","tag-partida","tag-segunda","tag-vitoria"],"_links":{"self":[{"href":"https:\/\/www.federacaopaulistadefutsal.com.br\/novo\/wp-json\/wp\/v2\/posts\/13325","targetHints":{"allow":["GET"]}}],"collection":[{"href":"https:\/\/www.federacaopaulistadefutsal.com.br\/novo\/wp-json\/wp\/v2\/posts"}],"about":[{"href":"https:\/\/www.federacaopaulistadefutsal.com.br\/novo\/wp-json\/wp\/v2\/types\/post"}],"author":[{"embeddable":true,"href":"https:\/\/www.federacaopaulistadefutsal.com.br\/novo\/wp-json\/wp\/v2\/users\/1"}],"replies":[{"embeddable":true,"href":"https:\/\/www.federacaopaulistadefutsal.com.br\/novo\/wp-json\/wp\/v2\/comments?post=13325"}],"version-history":[{"count":0,"href":"https:\/\/www.federacaopaulistadefutsal.com.br\/novo\/wp-json\/wp\/v2\/posts\/13325\/revisions"}],"wp:featuredmedia":[{"embeddable":true,"href":"https:\/\/www.federacaopaulistadefutsal.com.br\/novo\/wp-json\/"}],"wp:attachment":[{"href":"https:\/\/www.federacaopaulistadefutsal.com.br\/novo\/wp-json\/wp\/v2\/media?parent=13325"}],"wp:term":[{"taxonomy":"category","embeddable":true,"href":"https:\/\/www.federacaopaulistadefutsal.com.br\/novo\/wp-json\/wp\/v2\/categories?post=13325"},{"taxonomy":"post_tag","embeddable":true,"href":"https:\/\/www.federacaopaulistadefutsal.com.br\/novo\/wp-json\/wp\/v2\/tags?post=13325"}],"curies":[{"name":"wp","href":"https:\/\/api.w.org\/{rel}","templated":true}]}}