{"id":13336,"date":"2016-09-11T18:20:15","date_gmt":"2016-09-11T18:20:15","guid":{"rendered":"http:\/\/www.federacaopaulistadefutsal.com.br\/?p=13336"},"modified":"2016-09-11T18:20:15","modified_gmt":"2016-09-11T18:20:15","slug":"em-busca-do-octa-selecao-estreia-contra-ucrania-pela-copa-do-mundo","status":"publish","type":"post","link":"https:\/\/www.federacaopaulistadefutsal.com.br\/novo\/em-busca-do-octa-selecao-estreia-contra-ucrania-pela-copa-do-mundo\/","title":{"rendered":"Em busca do octa, Sele\u00e7\u00e3o estreia contra Ucr\u00e2nia pela Copa do Mundo"},"content":{"rendered":"<p>&nbsp;<br \/>\nEm busca do oitavo t\u00edtulo mundial, a Sele\u00e7\u00e3o Brasileira de Futsal vai estrear pela Copa do Mundo neste domingo (11), e diante da Ucr\u00e2nia. A equipe verde e amarela, comandada pelo t\u00e9cnico Serginho Schiochet, enfrentar\u00e1 os ucranianos a partir das 20h00, pelo hor\u00e1rio de Bras\u00edlia, no munic\u00edpio de Bucaramanga, na Col\u00f4mbia.<br \/>\nEm Mundiais, ser\u00e1 a quarta vez que Brasil e Ucr\u00e2nia medir\u00e3o for\u00e7as. No \u00faltimo confronto entre os times, o brasileiro levou a melhor, e em 2008, venceu pelo placar de 5 a 3; ano em que a Sele\u00e7\u00e3o se sagraria campe\u00e3 da competi\u00e7\u00e3o, a principal das quadras no mundo.<br \/>\nAl\u00e9m da partida contra a equipe ucraniana, a brasileira vai enfrentar Austr\u00e1lia, no dia 14 de setembro, e Mo\u00e7ambique, no dia 17, na primeira fase da Copa do Mundo. Os jogos s\u00e3o v\u00e1lidos pelo grupo D do torneio.<br \/>\n<strong>Os convocados de Serginho para a Copa \u00a0 \u00a0<\/strong><br \/>\n<strong>Goleiros:<\/strong> Guitta (Corinthians &#8211; SP), Tiago (Magnus &#8211; SP) e Gian (Intelli &#8211; SP);<br \/>\n<strong>Fixos:<\/strong> Rafael Rato (InterMovistar &#8211; Espanha), Ari (Dynamo &#8211; R\u00fassia) e Rodrigo (Magnus &#8211; SP);<br \/>\n<strong>Alas:<\/strong> Xuxa (Jec\/Krona &#8211; SC), Bateria (Barcelona &#8211; Espanha), Jackson (Intelli &#8211; SP), Falc\u00e3o (Magnus &#8211; SP) e Dyego (Barcelona &#8211; Espanha);<br \/>\n<strong>Piv\u00f4s:<\/strong> J\u00e9 (Kairat &#8211; Cazaquist\u00e3o), Fernandinho (Dynamo &#8211; R\u00fassia) e Dieguinho (Sporting &#8211; Portugal).<br \/>\n&nbsp;<br \/>\nPor Assessoria FPFS<br \/>\nCom informa\u00e7\u00f5es: CBFS<br \/>\nFoto: Divulga\u00e7\u00e3o\/ Luis Domingues\/CBFS<\/p>\n","protected":false},"excerpt":{"rendered":"<p>&nbsp; Em busca do oitavo t\u00edtulo mundial, a Sele\u00e7\u00e3o Brasileira de Futsal vai estrear pela Copa do Mundo neste domingo<\/p>\n","protected":false},"author":1,"featured_media":13338,"comment_status":"closed","ping_status":"open","sticky":false,"template":"","format":"standard","meta":{"footnotes":""},"categories":[25,32,35],"tags":[74,419,425,432,633,710,987,1702,1762,2239,2509,2510],"class_list":["post-13336","post","type-post","status-publish","format-standard","has-post-thumbnail","hentry","category-destaques","category-maiores","category-selecao","tag-74","tag-brasil","tag-brasileiros","tag-bucaramanga","tag-colombia","tag-copa-do-mundo","tag-estreia","tag-mundial","tag-octa","tag-selecao","tag-ucrania","tag-ucranianos"],"_links":{"self":[{"href":"https:\/\/www.federacaopaulistadefutsal.com.br\/novo\/wp-json\/wp\/v2\/posts\/13336","targetHints":{"allow":["GET"]}}],"collection":[{"href":"https:\/\/www.federacaopaulistadefutsal.com.br\/novo\/wp-json\/wp\/v2\/posts"}],"about":[{"href":"https:\/\/www.federacaopaulistadefutsal.com.br\/novo\/wp-json\/wp\/v2\/types\/post"}],"author":[{"embeddable":true,"href":"https:\/\/www.federacaopaulistadefutsal.com.br\/novo\/wp-json\/wp\/v2\/users\/1"}],"replies":[{"embeddable":true,"href":"https:\/\/www.federacaopaulistadefutsal.com.br\/novo\/wp-json\/wp\/v2\/comments?post=13336"}],"version-history":[{"count":0,"href":"https:\/\/www.federacaopaulistadefutsal.com.br\/novo\/wp-json\/wp\/v2\/posts\/13336\/revisions"}],"wp:featuredmedia":[{"embeddable":true,"href":"https:\/\/www.federacaopaulistadefutsal.com.br\/novo\/wp-json\/"}],"wp:attachment":[{"href":"https:\/\/www.federacaopaulistadefutsal.com.br\/novo\/wp-json\/wp\/v2\/media?parent=13336"}],"wp:term":[{"taxonomy":"category","embeddable":true,"href":"https:\/\/www.federacaopaulistadefutsal.com.br\/novo\/wp-json\/wp\/v2\/categories?post=13336"},{"taxonomy":"post_tag","embeddable":true,"href":"https:\/\/www.federacaopaulistadefutsal.com.br\/novo\/wp-json\/wp\/v2\/tags?post=13336"}],"curies":[{"name":"wp","href":"https:\/\/api.w.org\/{rel}","templated":true}]}}