{"id":13344,"date":"2016-09-12T11:14:21","date_gmt":"2016-09-12T11:14:21","guid":{"rendered":"http:\/\/www.federacaopaulistadefutsal.com.br\/?p=13344"},"modified":"2016-09-12T11:14:21","modified_gmt":"2016-09-12T11:14:21","slug":"com-caras-novas-a-a-fib-estreia-contra-intelli-pela-copa-paulista","status":"publish","type":"post","link":"https:\/\/www.federacaopaulistadefutsal.com.br\/novo\/com-caras-novas-a-a-fib-estreia-contra-intelli-pela-copa-paulista\/","title":{"rendered":"Com &quot;caras&quot; novas, A.A. FIB estreia contra Intelli pela Copa Paulista"},"content":{"rendered":"<p>&nbsp;<br \/>\nCom &#8220;caras&#8221; novas, a A.A. FIB, da cidade de Bauru-SP, estrear\u00e1 pela Copa Paulista de Futsal na pr\u00f3xima ter\u00e7a-feira (13), e diante da ADC Intelli\/Orl\u00e2ndia. O time bauruense, que negociou jogadores, e ao mesmo tempo, promoveu atletas \u00e0 categoria principal, medir\u00e1 for\u00e7as com o orlandino a partir das 19h30, no gin\u00e1sio S\u00e9rgio Baptista Zacarelli, em Bebedouro-SP.<br \/>\nO ala Fuma\u00e7a se desligou da equipe e tr\u00eas jogadores trocaram Bauru-SP pela Europa. O goleiro Thiago Soares se transferiu para o Jumilla FS, da Espanha, o ala Gedson passou uma temporada na It\u00e1lia, voltou por quatro meses e vestir\u00e1 a camisa da Lazio (ITA), e o jovem L\u00e9o Mieli, promovido ao time adulto da A.A. FIB em 2015, agora joga pelo Catania (ITA).<br \/>\nNa atual edi\u00e7\u00e3o da Copa Paulista, a equipe bauruense ter\u00e1 \u00e0 disposi\u00e7\u00e3o as seguintes novidades em quadra: Felipe Yamamoto, ala que &#8220;subiu&#8221; das menores, e Matheus, vindo do futsal de Bras\u00edlia-DF.\u00a0<strong>&#8220;Praticamente toda equipe passa por ajustes no elenco, \u00e9 um processo natural&#8221;,<\/strong> declarou Everton Carvalho, o &#8220;Alem\u00e3o&#8221;, t\u00e9cnico da A.A. FIB.<br \/>\n<strong>&#8220;Apesar das mudan\u00e7as, mantivemos a base que chegou em tr\u00eas finais nesse ano e fez \u00f3timas atua\u00e7\u00f5es na Liga Paulista, e queremos fazer uma boa campanha na Copa Paulista. A princ\u00edpio, tra\u00e7amos como meta a classifica\u00e7\u00e3o \u00e0 segunda fase, para depois podermos planejar objetivos maiores&#8221;,\u00a0<\/strong>finalizou o treinador bauruense.<br \/>\nPela competi\u00e7\u00e3o, a segunda principal das quadras em S\u00e3o Paulo, A.A. FIB e ADC Intelli\/Orl\u00e2ndia est\u00e3o no grupo B, ao lado de A.A. Pompeia e Dracena\/Tempersul. A chave \u00e9 considerada a mais equilibrada do torneio.<br \/>\n&nbsp;<br \/>\nPor Assessoria FPFS<br \/>\nCom informa\u00e7\u00f5es e foto: Rafael Peloso\/A.A. FIB<\/p>\n","protected":false},"excerpt":{"rendered":"<p>&nbsp; Com &#8220;caras&#8221; novas, a A.A. FIB, da cidade de Bauru-SP, estrear\u00e1 pela Copa Paulista de Futsal na pr\u00f3xima ter\u00e7a-feira<\/p>\n","protected":false},"author":1,"featured_media":13346,"comment_status":"closed","ping_status":"open","sticky":false,"template":"","format":"standard","meta":{"footnotes":""},"categories":[23,29,32],"tags":[99,367,369,372,517,718,987,1103,1323,1334,1418,1750,1789,1791,1824],"class_list":["post-13344","post","type-post","status-publish","format-standard","has-post-thumbnail","hentry","category-copa-paulista","category-interior","category-maiores","tag-a-a-fib","tag-bauru","tag-bauruenses","tag-bebedouro","tag-caras-novas","tag-copa-paulista","tag-estreia","tag-fora-de-casa","tag-intelli","tag-interior","tag-jogo","tag-novidades","tag-orlandia","tag-orlandinos","tag-partida"],"_links":{"self":[{"href":"https:\/\/www.federacaopaulistadefutsal.com.br\/novo\/wp-json\/wp\/v2\/posts\/13344","targetHints":{"allow":["GET"]}}],"collection":[{"href":"https:\/\/www.federacaopaulistadefutsal.com.br\/novo\/wp-json\/wp\/v2\/posts"}],"about":[{"href":"https:\/\/www.federacaopaulistadefutsal.com.br\/novo\/wp-json\/wp\/v2\/types\/post"}],"author":[{"embeddable":true,"href":"https:\/\/www.federacaopaulistadefutsal.com.br\/novo\/wp-json\/wp\/v2\/users\/1"}],"replies":[{"embeddable":true,"href":"https:\/\/www.federacaopaulistadefutsal.com.br\/novo\/wp-json\/wp\/v2\/comments?post=13344"}],"version-history":[{"count":0,"href":"https:\/\/www.federacaopaulistadefutsal.com.br\/novo\/wp-json\/wp\/v2\/posts\/13344\/revisions"}],"wp:featuredmedia":[{"embeddable":true,"href":"https:\/\/www.federacaopaulistadefutsal.com.br\/novo\/wp-json\/"}],"wp:attachment":[{"href":"https:\/\/www.federacaopaulistadefutsal.com.br\/novo\/wp-json\/wp\/v2\/media?parent=13344"}],"wp:term":[{"taxonomy":"category","embeddable":true,"href":"https:\/\/www.federacaopaulistadefutsal.com.br\/novo\/wp-json\/wp\/v2\/categories?post=13344"},{"taxonomy":"post_tag","embeddable":true,"href":"https:\/\/www.federacaopaulistadefutsal.com.br\/novo\/wp-json\/wp\/v2\/tags?post=13344"}],"curies":[{"name":"wp","href":"https:\/\/api.w.org\/{rel}","templated":true}]}}