{"id":13349,"date":"2016-09-12T11:39:02","date_gmt":"2016-09-12T11:39:02","guid":{"rendered":"http:\/\/www.federacaopaulistadefutsal.com.br\/?p=13349"},"modified":"2016-09-12T11:39:02","modified_gmt":"2016-09-12T11:39:02","slug":"preparador-fisico-do-corinthians-abre-jogo-sobre-semana-de-treinos","status":"publish","type":"post","link":"https:\/\/www.federacaopaulistadefutsal.com.br\/novo\/preparador-fisico-do-corinthians-abre-jogo-sobre-semana-de-treinos\/","title":{"rendered":"Preparador f\u00edsico do Corinthians &quot;abre jogo&quot; sobre semana de treinos"},"content":{"rendered":"<p>&nbsp;<br \/>\nComandado pelo t\u00e9cnico Andr\u00e9 Bi\u00e9, o Corinthians segue se preparando para as continuidades das disputas de Liga Nacional e Liga Paulista. E Juninho, preparador f\u00edsico do alvinegro, &#8220;abriu o jogo&#8221; sobre os treinos da equipe na semana passada. Confira!<br \/>\n<strong>&#8220;Os atletas realizaram algumas avalia\u00e7\u00f5es e s\u00f3 confirmou o comprometimento dos mesmos&#8221;,\u00a0<\/strong>declarou. <strong>&#8220;Para o planejamento deste per\u00edodo, t\u00ednhamos conscientizado os atletas da import\u00e2ncia de manter um n\u00edvel de condicionamento f\u00edsico nesse per\u00edodo, pois os treinamentos iniciais seriam muito exigentes, ou seja, a semana foi desenvolvida com essa caracter\u00edstica&#8221;,<\/strong> finalizou Juninho, enfatizando a import\u00e2ncia dos jogadores se cuidarem durante a pausa para o Mundial.<br \/>\nO Tim\u00e3o, de Bi\u00e9 e do preparador f\u00edsico, deve ir ao Paran\u00e1 para realizar amistosos, visando a prepara\u00e7\u00e3o para as semifinais da Liga Paulista, e tamb\u00e9m, \u00e0s oitavas da Liga Nacional. Na LPF, o Corinthians medir\u00e1 for\u00e7as com a A.D. Yoka\/AcR\/Unisal no dia 17 de outubro, \u00e0s 21h00, no gin\u00e1sio do Parque S\u00e3o Jorge, em S\u00e3o Paulo-SP; e pela LNF, confrontos com o Umuarama (PR) nos dias 07 e 14 de outubro.<br \/>\n&nbsp;<br \/>\nPor Assessoria FPFS<br \/>\nCom informa\u00e7\u00f5es e foto: Gilberto Santos\/Liga Paulista de Futsal (LPF)<\/p>\n","protected":false},"excerpt":{"rendered":"<p>&nbsp; Comandado pelo t\u00e9cnico Andr\u00e9 Bi\u00e9, o Corinthians segue se preparando para as continuidades das disputas de Liga Nacional e<\/p>\n","protected":false},"author":1,"featured_media":13351,"comment_status":"closed","ping_status":"open","sticky":false,"template":"","format":"standard","meta":{"footnotes":""},"categories":[30,31,32],"tags":[203,509,653,734,940,1456,1819,1948,1953,2207,2257,2323,2457,2491,2596],"class_list":["post-13349","post","type-post","status-publish","format-standard","has-post-thumbnail","hentry","category-liga-nacional-de-futsal","category-liga-paulista-de-futsal","category-maiores","tag-alvinegro","tag-capital","tag-competicoes","tag-corinthians","tag-entrevista","tag-juninho","tag-parque-sao-jorge","tag-preparacao","tag-preparador-fisico","tag-sao-paulo","tag-semana","tag-sonoras","tag-timao","tag-treinos","tag-visando"],"_links":{"self":[{"href":"https:\/\/www.federacaopaulistadefutsal.com.br\/novo\/wp-json\/wp\/v2\/posts\/13349","targetHints":{"allow":["GET"]}}],"collection":[{"href":"https:\/\/www.federacaopaulistadefutsal.com.br\/novo\/wp-json\/wp\/v2\/posts"}],"about":[{"href":"https:\/\/www.federacaopaulistadefutsal.com.br\/novo\/wp-json\/wp\/v2\/types\/post"}],"author":[{"embeddable":true,"href":"https:\/\/www.federacaopaulistadefutsal.com.br\/novo\/wp-json\/wp\/v2\/users\/1"}],"replies":[{"embeddable":true,"href":"https:\/\/www.federacaopaulistadefutsal.com.br\/novo\/wp-json\/wp\/v2\/comments?post=13349"}],"version-history":[{"count":0,"href":"https:\/\/www.federacaopaulistadefutsal.com.br\/novo\/wp-json\/wp\/v2\/posts\/13349\/revisions"}],"wp:featuredmedia":[{"embeddable":true,"href":"https:\/\/www.federacaopaulistadefutsal.com.br\/novo\/wp-json\/"}],"wp:attachment":[{"href":"https:\/\/www.federacaopaulistadefutsal.com.br\/novo\/wp-json\/wp\/v2\/media?parent=13349"}],"wp:term":[{"taxonomy":"category","embeddable":true,"href":"https:\/\/www.federacaopaulistadefutsal.com.br\/novo\/wp-json\/wp\/v2\/categories?post=13349"},{"taxonomy":"post_tag","embeddable":true,"href":"https:\/\/www.federacaopaulistadefutsal.com.br\/novo\/wp-json\/wp\/v2\/tags?post=13349"}],"curies":[{"name":"wp","href":"https:\/\/api.w.org\/{rel}","templated":true}]}}