{"id":13372,"date":"2016-09-13T14:40:53","date_gmt":"2016-09-13T14:40:53","guid":{"rendered":"http:\/\/www.federacaopaulistadefutsal.com.br\/?p=13372"},"modified":"2016-09-13T14:40:53","modified_gmt":"2016-09-13T14:40:53","slug":"jogos-abertos-pulo-do-gato-mede-forcas-com-magnus-no-abc","status":"publish","type":"post","link":"https:\/\/www.federacaopaulistadefutsal.com.br\/novo\/jogos-abertos-pulo-do-gato-mede-forcas-com-magnus-no-abc\/","title":{"rendered":"Jogos Abertos: Pulo do Gato mede for\u00e7as com Magnus no ABC"},"content":{"rendered":"<p>&nbsp;<br \/>\nNa pr\u00f3xima quarta-feira (14), em partida de estreia pelos Jogos Abertos do Interior, o Pulo do Gato, do munic\u00edpio de Campinas-SP, vai enfrentar o Magnus Futsal, de Sorocaba-SP. O confronto entre as equipes do interior paulista est\u00e1 marcado para acontecer \u00e0s 15h00, no gin\u00e1sio Adib Moys\u00e9s Dib, em S\u00e3o Bernardo do Campo-SP, sede do torneio.<br \/>\nPela competi\u00e7\u00e3o, o time gatense, juntamente com o sorocabano, est\u00e1 no grupo B, ao lado de Dracena\/Tempersul e A.A. Pompeia. Al\u00e9m do jogo contra o Magnus, duelos diante dos pompeianos, na quinta (15), e dracenenses, na sexta (16); todas as partidas s\u00e3o v\u00e1lidas pela primeira fase do campeonato das quadras.<br \/>\n<strong>&#8220;Sabemos que a estreia ser\u00e1 dura. Mesmo que eles estejam desfalcados de Falc\u00e3o, Rodrigo e Tiago em virtude da Copa do Mundo do Futsal, a equipe do Magnus tem jogadores muito experientes e de extrema qualidade t\u00e9cnica, al\u00e9m de ser muito bem treinada. Mesmo assim, vamos com muita garra na tentativa de surpreend\u00ea-los&#8221;,\u00a0<\/strong>declarou Jefferson Novaes, t\u00e9cnico da equipe de Campinas-SP.<br \/>\nDe acordo com o regulamento dos Jogos Abertos, os dois primeiros colocados de cada chave avan\u00e7ar\u00e3o aos mata-matas. Os confrontos entre os times ser\u00e3o disputados em partidas de turno \u00fanico.<br \/>\n&nbsp;<br \/>\nPor Assessoria FPFS<br \/>\nCom informa\u00e7\u00f5es: Ag\u00eancia Pulo<\/p>\n<div class=\"post_content\">\nFoto: Divulga\u00e7\u00e3o\/ Andr\u00e9 Montejano\/Ag\u00eancia Pulo\n<\/div>\n","protected":false},"excerpt":{"rendered":"<p>&nbsp; Na pr\u00f3xima quarta-feira (14), em partida de estreia pelos Jogos Abertos do Interior, o Pulo do Gato, do munic\u00edpio<\/p>\n","protected":false},"author":1,"featured_media":13374,"comment_status":"closed","ping_status":"open","sticky":false,"template":"","format":"standard","meta":{"footnotes":""},"categories":[29,32],"tags":[138,175,494,497,648,987,1334,1425,1570,1999,2325,2328],"class_list":["post-13372","post","type-post","status-publish","format-standard","has-post-thumbnail","hentry","category-interior","category-maiores","tag-abc-paulista","tag-adib-moyses-dib","tag-campinas","tag-campineiros","tag-competicao","tag-estreia","tag-interior","tag-jogos-abertos","tag-magnus","tag-pulo-do-gato","tag-sorocaba","tag-sorocabanos"],"_links":{"self":[{"href":"https:\/\/www.federacaopaulistadefutsal.com.br\/novo\/wp-json\/wp\/v2\/posts\/13372","targetHints":{"allow":["GET"]}}],"collection":[{"href":"https:\/\/www.federacaopaulistadefutsal.com.br\/novo\/wp-json\/wp\/v2\/posts"}],"about":[{"href":"https:\/\/www.federacaopaulistadefutsal.com.br\/novo\/wp-json\/wp\/v2\/types\/post"}],"author":[{"embeddable":true,"href":"https:\/\/www.federacaopaulistadefutsal.com.br\/novo\/wp-json\/wp\/v2\/users\/1"}],"replies":[{"embeddable":true,"href":"https:\/\/www.federacaopaulistadefutsal.com.br\/novo\/wp-json\/wp\/v2\/comments?post=13372"}],"version-history":[{"count":0,"href":"https:\/\/www.federacaopaulistadefutsal.com.br\/novo\/wp-json\/wp\/v2\/posts\/13372\/revisions"}],"wp:featuredmedia":[{"embeddable":true,"href":"https:\/\/www.federacaopaulistadefutsal.com.br\/novo\/wp-json\/"}],"wp:attachment":[{"href":"https:\/\/www.federacaopaulistadefutsal.com.br\/novo\/wp-json\/wp\/v2\/media?parent=13372"}],"wp:term":[{"taxonomy":"category","embeddable":true,"href":"https:\/\/www.federacaopaulistadefutsal.com.br\/novo\/wp-json\/wp\/v2\/categories?post=13372"},{"taxonomy":"post_tag","embeddable":true,"href":"https:\/\/www.federacaopaulistadefutsal.com.br\/novo\/wp-json\/wp\/v2\/tags?post=13372"}],"curies":[{"name":"wp","href":"https:\/\/api.w.org\/{rel}","templated":true}]}}