{"id":13393,"date":"2016-09-14T10:30:05","date_gmt":"2016-09-14T10:30:05","guid":{"rendered":"http:\/\/www.federacaopaulistadefutsal.com.br\/?p=13393"},"modified":"2016-09-14T10:30:05","modified_gmt":"2016-09-14T10:30:05","slug":"com-gol-solitario-a-a-fib-supera-intelli-em-estreia-pela-copa-paulista","status":"publish","type":"post","link":"https:\/\/www.federacaopaulistadefutsal.com.br\/novo\/com-gol-solitario-a-a-fib-supera-intelli-em-estreia-pela-copa-paulista\/","title":{"rendered":"Com gol &quot;solit\u00e1rio&quot;, A.A. FIB supera Intelli em estreia pela Copa Paulista"},"content":{"rendered":"<p>&nbsp;<br \/>\nEm jogo de estreia pela Copa Paulista de Futsal, a A.A. FIB, de Bauru-SP, encarou a ADC Intelli\/Orl\u00e2ndia na \u00faltima ter\u00e7a-feira (13), no gin\u00e1sio S\u00e9rgio Baptista Zacarelli, em Bebedouro-SP. Longe do Duduz\u00e3o, o time bauruense levou a melhor, e com gol &#8220;solit\u00e1rio&#8221;, bateu a equipe orlandina pelo placar de 1 a 0.<br \/>\nSuperando a press\u00e3o da Intelli\/Orl\u00e2ndia em quadra, a A.A. FIB balan\u00e7ou a rede aos 9 minutos do segundo tempo, e com Caique. E apesar do confronto equilibrado nas quatro linhas, Everton Carvalho, t\u00e9cnico do time de Bauru-SP, exaltou o futsal apresentado por seus comandados:\u00a0<strong>&#8220;Tivemos uma estreia excelente. Vencemos um dos principais times de futsal do Brasil, que foi campe\u00e3o da Copa Paulista em 2015 e vinha de uma sequencia de sete jogos sem derrotas. \u00c9 um resultado que demonstra a for\u00e7a do nosso grupo e mostra que somos capazes de encarar qualquer advers\u00e1rio em igualdade&#8221;,\u00a0<\/strong>declarou o treinador, o popular &#8220;Alem\u00e3o&#8221;.<br \/>\nAgora, na pr\u00f3xima rodada da Copa Paulista, a equipe bauruense medir\u00e1 for\u00e7as com o Dracena\/Tempersul no dia 26 de setembro, a partir das 20h00, no gin\u00e1sio Alaor Ferrari, casa dos dracenenses. O time orlandino, por sua vez, vai enfrentar a A.A. Pompeia na quarta-feira (21), \u00e0s 19h00, na Arena de Esportes e Eventos, em Pompeia-SP; ambas as partidas s\u00e3o v\u00e1lidas pelo grupo A.<br \/>\n&nbsp;<br \/>\nPor Assessoria FPFS<br \/>\nCom informa\u00e7\u00f5es: Rafael Peloso\/A.A. FIB<br \/>\nFoto: Divulga\u00e7\u00e3o\/ Luan Amaral\/ADC Intelli<\/p>\n","protected":false},"excerpt":{"rendered":"<p>&nbsp; Em jogo de estreia pela Copa Paulista de Futsal, a A.A. FIB, de Bauru-SP, encarou a ADC Intelli\/Orl\u00e2ndia na<\/p>\n","protected":false},"author":1,"featured_media":13395,"comment_status":"closed","ping_status":"open","sticky":false,"template":"","format":"standard","meta":{"footnotes":""},"categories":[23,29,32],"tags":[99,367,369,372,718,940,987,999,1103,1198,1323,1334,1789,1791,1965,2322,2366,2422,2485,2603],"class_list":["post-13393","post","type-post","status-publish","format-standard","has-post-thumbnail","hentry","category-copa-paulista","category-interior","category-maiores","tag-a-a-fib","tag-bauru","tag-bauruenses","tag-bebedouro","tag-copa-paulista","tag-entrevista","tag-estreia","tag-everton-carvalho","tag-fora-de-casa","tag-gol-solitario","tag-intelli","tag-interior","tag-orlandia","tag-orlandinos","tag-primeira-partida","tag-sonora","tag-supera","tag-tecnico","tag-treinador","tag-vitoria"],"_links":{"self":[{"href":"https:\/\/www.federacaopaulistadefutsal.com.br\/novo\/wp-json\/wp\/v2\/posts\/13393","targetHints":{"allow":["GET"]}}],"collection":[{"href":"https:\/\/www.federacaopaulistadefutsal.com.br\/novo\/wp-json\/wp\/v2\/posts"}],"about":[{"href":"https:\/\/www.federacaopaulistadefutsal.com.br\/novo\/wp-json\/wp\/v2\/types\/post"}],"author":[{"embeddable":true,"href":"https:\/\/www.federacaopaulistadefutsal.com.br\/novo\/wp-json\/wp\/v2\/users\/1"}],"replies":[{"embeddable":true,"href":"https:\/\/www.federacaopaulistadefutsal.com.br\/novo\/wp-json\/wp\/v2\/comments?post=13393"}],"version-history":[{"count":0,"href":"https:\/\/www.federacaopaulistadefutsal.com.br\/novo\/wp-json\/wp\/v2\/posts\/13393\/revisions"}],"wp:featuredmedia":[{"embeddable":true,"href":"https:\/\/www.federacaopaulistadefutsal.com.br\/novo\/wp-json\/"}],"wp:attachment":[{"href":"https:\/\/www.federacaopaulistadefutsal.com.br\/novo\/wp-json\/wp\/v2\/media?parent=13393"}],"wp:term":[{"taxonomy":"category","embeddable":true,"href":"https:\/\/www.federacaopaulistadefutsal.com.br\/novo\/wp-json\/wp\/v2\/categories?post=13393"},{"taxonomy":"post_tag","embeddable":true,"href":"https:\/\/www.federacaopaulistadefutsal.com.br\/novo\/wp-json\/wp\/v2\/tags?post=13393"}],"curies":[{"name":"wp","href":"https:\/\/api.w.org\/{rel}","templated":true}]}}