{"id":13421,"date":"2016-09-15T13:37:57","date_gmt":"2016-09-15T13:37:57","guid":{"rendered":"http:\/\/www.federacaopaulistadefutsal.com.br\/?p=13421"},"modified":"2016-09-15T13:37:57","modified_gmt":"2016-09-15T13:37:57","slug":"comecando-com-o-pe-direito-a-d-c-fordtaubate-vence-a-a-fib","status":"publish","type":"post","link":"https:\/\/www.federacaopaulistadefutsal.com.br\/novo\/comecando-com-o-pe-direito-a-d-c-fordtaubate-vence-a-a-fib\/","title":{"rendered":"Come\u00e7ando com o &quot;p\u00e9 direito&quot;, A.D.C. Ford\/Taubat\u00e9 vence A.A. FIB"},"content":{"rendered":"<p>&nbsp;<br \/>\nEm jogo de estreia v\u00e1lido pelos Jogos Abertos do Interior, a A.D.C. Ford\/Taubat\u00e9 mediu for\u00e7as com a A.A. FIB, da cidade de Bauru-SP, no gin\u00e1sio Adib Moys\u00e9s Dib, em S\u00e3o Bernardo do Campo-SP. Longe da Vila Aparecida, o time taubateano come\u00e7ou a competi\u00e7\u00e3o com o &#8220;p\u00e9 direito&#8221;, vencendo o bauruense pelo placar de 3 a 1.<br \/>\nOs gols da vit\u00f3ria da equipe do Vale do Para\u00edba foram marcados pelos seguintes atletas das quadras: Hernandes, Joj\u00f4 e, por fim, Fabinho. A favor do time de Bauru-SP, o jogador Will colocou a &#8220;redonda&#8221; no fundo da rede.<br \/>\n<strong>&#8220;Conseguimos colocar um ritmo interessante no ataque e nossa marca\u00e7\u00e3o funcionou bem, dando poucas chances de contra-ataque ao Bauru&#8221;, <\/strong>disse\u00a0Bruno Zuchinalli, t\u00e9cnico da A.D.C. Ford\/Taubat\u00e9.<strong> &#8220;O mais importante, al\u00e9m de jogar bem, era vencer. Agora temos que focar para seguirmos em frente&#8221;,\u00a0<\/strong>completou o treinador.<br \/>\nPelo grupo A nos Jogos Abertos, a equipe taubateana ainda vai encarar, na primeira fase, S\u00e3o Jos\u00e9\/Vale Sul\/Unimed, nesta quinta-feira (15), e A.D. Yoka\/AcR\/Unisal, na pr\u00f3xima sexta (16). De acordo com o regulamento do torneio, os dois melhores classificados de cada grupo avan\u00e7ar\u00e3o \u00e0s semifinais.<br \/>\n&nbsp;<br \/>\nPor Assessoria FPFS<br \/>\nCom informa\u00e7\u00f5es: Top 10 Comunica\u00e7\u00e3o<br \/>\nFoto: Divulga\u00e7\u00e3o\/ Jonas Barbetta\/Top 10 Comunica\u00e7\u00e3o<br \/>\n&nbsp;<\/p>\n","protected":false},"excerpt":{"rendered":"<p>&nbsp; Em jogo de estreia v\u00e1lido pelos Jogos Abertos do Interior, a A.D.C. Ford\/Taubat\u00e9 mediu for\u00e7as com a A.A. FIB,<\/p>\n","protected":false},"author":1,"featured_media":13424,"comment_status":"closed","ping_status":"open","sticky":false,"template":"","format":"standard","meta":{"footnotes":""},"categories":[29,32],"tags":[99,116,367,369,648,987,1334,1418,1425,1824,2414,2419,2548,2603],"class_list":["post-13421","post","type-post","status-publish","format-standard","has-post-thumbnail","hentry","category-interior","category-maiores","tag-a-a-fib","tag-a-d-c-ford","tag-bauru","tag-bauruenses","tag-competicao","tag-estreia","tag-interior","tag-jogo","tag-jogos-abertos","tag-partida","tag-taubate","tag-taubateanos","tag-vale-do-paraiba","tag-vitoria"],"_links":{"self":[{"href":"https:\/\/www.federacaopaulistadefutsal.com.br\/novo\/wp-json\/wp\/v2\/posts\/13421","targetHints":{"allow":["GET"]}}],"collection":[{"href":"https:\/\/www.federacaopaulistadefutsal.com.br\/novo\/wp-json\/wp\/v2\/posts"}],"about":[{"href":"https:\/\/www.federacaopaulistadefutsal.com.br\/novo\/wp-json\/wp\/v2\/types\/post"}],"author":[{"embeddable":true,"href":"https:\/\/www.federacaopaulistadefutsal.com.br\/novo\/wp-json\/wp\/v2\/users\/1"}],"replies":[{"embeddable":true,"href":"https:\/\/www.federacaopaulistadefutsal.com.br\/novo\/wp-json\/wp\/v2\/comments?post=13421"}],"version-history":[{"count":0,"href":"https:\/\/www.federacaopaulistadefutsal.com.br\/novo\/wp-json\/wp\/v2\/posts\/13421\/revisions"}],"wp:featuredmedia":[{"embeddable":true,"href":"https:\/\/www.federacaopaulistadefutsal.com.br\/novo\/wp-json\/"}],"wp:attachment":[{"href":"https:\/\/www.federacaopaulistadefutsal.com.br\/novo\/wp-json\/wp\/v2\/media?parent=13421"}],"wp:term":[{"taxonomy":"category","embeddable":true,"href":"https:\/\/www.federacaopaulistadefutsal.com.br\/novo\/wp-json\/wp\/v2\/categories?post=13421"},{"taxonomy":"post_tag","embeddable":true,"href":"https:\/\/www.federacaopaulistadefutsal.com.br\/novo\/wp-json\/wp\/v2\/tags?post=13421"}],"curies":[{"name":"wp","href":"https:\/\/api.w.org\/{rel}","templated":true}]}}