{"id":13451,"date":"2016-09-18T18:29:52","date_gmt":"2016-09-18T18:29:52","guid":{"rendered":"http:\/\/www.federacaopaulistadefutsal.com.br\/?p=13451"},"modified":"2016-09-18T18:29:52","modified_gmt":"2016-09-18T18:29:52","slug":"selecao-brasileira-faz-quinze-em-mocambique-pela-copa-do-mundo","status":"publish","type":"post","link":"https:\/\/www.federacaopaulistadefutsal.com.br\/novo\/selecao-brasileira-faz-quinze-em-mocambique-pela-copa-do-mundo\/","title":{"rendered":"Sele\u00e7\u00e3o Brasileira faz quinze em Mo\u00e7ambique pela Copa do Mundo"},"content":{"rendered":"<p>&nbsp;<br \/>\nNo \u00faltimo s\u00e1bado (17), em jogo v\u00e1lido pela terceira rodada no grupo D da Copa do Mundo, a Sele\u00e7\u00e3o Brasileira de Futsal enfrentou Mo\u00e7ambique no Coliseo El Pueblo, em Cali, na Col\u00f4mbia. A equipe verde e amarela, que j\u00e1 havia vencido Ucr\u00e2nia e Austr\u00e1lia, bateu o time africano por incr\u00edvel goleada de 15 a 3, e com 100% de aproveitamento, aguardar\u00e1, agora, seu pr\u00f3ximo desafio pelo Mundial, v\u00e1lido pelas oitavas de final.<br \/>\nOs gols da &#8220;el\u00e1stica&#8221; vit\u00f3ria brasileira foram marcados pelos seguintes jogadores: Rodrigo Hardy, o &#8220;Torpedo Humano&#8221;, Xuxa, Dieguinho (2), Jackson, o &#8220;Samurai&#8221;, Fernandinho (2), Bateria, Ari (2), e Falc\u00e3o, que balan\u00e7ou a rede tr\u00eas vezes, e com os tentos &#8220;anotados&#8221;, chegou aos seus 45 em Mundiais, tornando-se o maior artilheiro na hist\u00f3ria da competi\u00e7\u00e3o; Mario, Magu e Dino fizeram a favor de Mo\u00e7ambique.<br \/>\nAgora, a Sele\u00e7\u00e3o Brasileira, comandada pelo t\u00e9cnico Serginho Schiochet, vai esperar as defini\u00e7\u00f5es dos demais grupos para conhecer seu advers\u00e1rio nos mata-matas. No grupo D, o Brasil realizou a melhor campanha entre todos os pa\u00edses na primeira fase da Copa do Mundo.<br \/>\n&nbsp;<br \/>\nPor Assessoria FPFS<br \/>\nCom informa\u00e7\u00f5es: CBFS<br \/>\nFoto: Divulga\u00e7\u00e3o\/ Getty Images\/FIFA<\/p>\n","protected":false},"excerpt":{"rendered":"<p>&nbsp; No \u00faltimo s\u00e1bado (17), em jogo v\u00e1lido pela terceira rodada no grupo D da Copa do Mundo, a Sele\u00e7\u00e3o<\/p>\n","protected":false},"author":1,"featured_media":13453,"comment_status":"closed","ping_status":"open","sticky":false,"template":"","format":"standard","meta":{"footnotes":""},"categories":[25,32,35],"tags":[182,419,422,457,633,710,1019,1131,1201,1235,1265,1296,1418,1574,1674,1702,1824,2024,2046,2239,2603],"class_list":["post-13451","post","type-post","status-publish","format-standard","has-post-thumbnail","hentry","category-destaques","category-maiores","category-selecao","tag-africanos","tag-brasil","tag-brasileira","tag-cali","tag-colombia","tag-copa-do-mundo","tag-falcao","tag-futsal","tag-goleada","tag-grupo-d","tag-historia","tag-incrivel","tag-jogo","tag-maior-artilheiro","tag-mocambique","tag-mundial","tag-partida","tag-quinze","tag-recorde","tag-selecao","tag-vitoria"],"_links":{"self":[{"href":"https:\/\/www.federacaopaulistadefutsal.com.br\/novo\/wp-json\/wp\/v2\/posts\/13451","targetHints":{"allow":["GET"]}}],"collection":[{"href":"https:\/\/www.federacaopaulistadefutsal.com.br\/novo\/wp-json\/wp\/v2\/posts"}],"about":[{"href":"https:\/\/www.federacaopaulistadefutsal.com.br\/novo\/wp-json\/wp\/v2\/types\/post"}],"author":[{"embeddable":true,"href":"https:\/\/www.federacaopaulistadefutsal.com.br\/novo\/wp-json\/wp\/v2\/users\/1"}],"replies":[{"embeddable":true,"href":"https:\/\/www.federacaopaulistadefutsal.com.br\/novo\/wp-json\/wp\/v2\/comments?post=13451"}],"version-history":[{"count":0,"href":"https:\/\/www.federacaopaulistadefutsal.com.br\/novo\/wp-json\/wp\/v2\/posts\/13451\/revisions"}],"wp:featuredmedia":[{"embeddable":true,"href":"https:\/\/www.federacaopaulistadefutsal.com.br\/novo\/wp-json\/"}],"wp:attachment":[{"href":"https:\/\/www.federacaopaulistadefutsal.com.br\/novo\/wp-json\/wp\/v2\/media?parent=13451"}],"wp:term":[{"taxonomy":"category","embeddable":true,"href":"https:\/\/www.federacaopaulistadefutsal.com.br\/novo\/wp-json\/wp\/v2\/categories?post=13451"},{"taxonomy":"post_tag","embeddable":true,"href":"https:\/\/www.federacaopaulistadefutsal.com.br\/novo\/wp-json\/wp\/v2\/tags?post=13451"}],"curies":[{"name":"wp","href":"https:\/\/api.w.org\/{rel}","templated":true}]}}